{"id":317222,"date":"2025-08-13T22:05:58","date_gmt":"2025-08-13T22:05:58","guid":{"rendered":"https:\/\/www.europesays.com\/fr\/317222\/"},"modified":"2025-08-13T22:05:58","modified_gmt":"2025-08-13T22:05:58","slug":"restaurants-avec-terrasse-a-marseille-nos-adresses","status":"publish","type":"post","link":"https:\/\/www.europesays.com\/fr\/317222\/","title":{"rendered":"Restaurants avec terrasse \u00e0 Marseille : nos adresses"},"content":{"rendered":"<p>\u00c0 Marseille, manger en terrasse fait partie de l\u2019art de vivre. Qu\u2019elles surplombent le port, longent les calanques ou s\u2019ouvrent sur la mer, ces tables offrent bien plus qu\u2019un repas : une parenth\u00e8se ensoleill\u00e9e, un moment suspendu. Voici une s\u00e9lection de sept restaurants marseillais avec terrasse, tous choisis pour leur ambiance, leur cuisine sinc\u00e8re et leur rapport unique au paysage. De la pizza napolitaine aux mezz\u00e9s grecs, du poisson grill\u00e9 aux assiettes contemporaines, chacun a sa personnalit\u00e9. \u00c0 d\u00e9couvrir sans classement, mais avec curiosit\u00e9.<\/p>\n<p>Le Tribeca da Mario (ou La Casa di Mario)<img loading=\"lazy\" decoding=\"async\" width=\"1024\" height=\"566\" data-id=\"371984\" src=\"data:image\/svg+xml,%3Csvg%20xmlns=\" http:=\"\" alt=\"\" class=\"wp-image-371984\" data-lazy- data-lazy- data-lazy-src=\"https:\/\/www.europesays.com\/fr\/wp-content\/uploads\/2025\/08\/img_3261-1024x566.jpeg\"\/>Terrasse de la pizz\u00e9ria sur le Vieux Port, elle est couverte en hiver et agrandit et d\u00e9couverte en \u00e9t\u00e9 \/ (Cr\u00e9dit : IG \u2013 Le Tribeca Da Mario)<\/p>\n<p>Sur les quais du Vieux\u2011Port, cette trattoria \u00e0 l\u2019\u00e2me napolitaine propose une halte simple et g\u00e9n\u00e9reuse. La terrasse, au fil des conversations d\u2019habitu\u00e9s et des touristes curieux, est un in\u00e9vitable repaire pour les amateurs de pizza. Ici, la p\u00e2te est fine, moelleuse, et les ingr\u00e9dients choisis avec soin : mozzarella fondante, tomates de qualit\u00e9, basilic parfum\u00e9. Une adresse o\u00f9 l\u2019on retrouve un brin d\u2019Italie dans chaque bouch\u00e9e, sans pr\u00e9tention mais avec un vrai go\u00fbt du terroir italien. Mario, g\u00e9rant et fondateur vient tout droit de Naples, o\u00f9 il fait d\u2019ailleurs importer ses produits. Ses pizzas figurent d\u2019ailleurs parmi les 50 meilleures d\u2019Europe. Son premier restaurant,<a href=\"https:\/\/www.instagram.com\/letribecadamario\/?hl=fr\" data-type=\"link\" data-id=\"https:\/\/www.instagram.com\/letribecadamario\/?hl=fr\" target=\"_blank\" rel=\"noopener nofollow\"> <\/a><a href=\"https:\/\/www.instagram.com\/letribecadamario\/?hl=fr\" data-type=\"link\" data-id=\"https:\/\/www.instagram.com\/letribecadamario\/?hl=fr\" target=\"_blank\" rel=\"noreferrer noopener nofollow\"><strong>Le Tribeca da Mario<\/strong><\/a>, est ouvert depuis 2019 au 200 quai du port. Le succ\u00e8s est tel qu\u2019il d\u00e9cide d\u2019en cr\u00e9er un autre dans la rue Sainte, aux allures beaucoup plus calmes : <strong><a href=\"https:\/\/lacasadimario.fr\/\" data-type=\"link\" data-id=\"https:\/\/lacasadimario.fr\/\" target=\"_blank\" rel=\"noreferrer noopener nofollow\">La Casa di Mario<\/a><\/strong>.<\/p>\n<p><a data-no-instant=\"1\" href=\"https:\/\/gomet.net\/supplement-vacances-et-ete-2025-profitez-du-sud\/\" rel=\"noopener nofollow\" class=\"a2t-link\" target=\"_blank\" aria-label=\"Widespread 1200x148px\"><img loading=\"lazy\" decoding=\"async\" src=\"data:image\/svg+xml,%3Csvg%20xmlns=\" http:=\"\" alt=\"\" data-lazy- data-lazy- width=\"2048\" height=\"253\" style=\"display: inline-block;\" data-lazy-src=\"https:\/\/www.europesays.com\/fr\/wp-content\/uploads\/2025\/07\/widespread-1200x148px-scaled.png\"\/><\/a>La Table d\u2019Augustine<img loading=\"lazy\" decoding=\"async\" width=\"1024\" height=\"402\" src=\"data:image\/svg+xml,%3Csvg%20xmlns=\" http:=\"\" alt=\"\" class=\"wp-image-371991\" style=\"width:1014px;height:auto\" data-lazy- data-lazy- data-lazy-src=\"https:\/\/www.europesays.com\/fr\/wp-content\/uploads\/2025\/08\/img_1338-1024x402.jpeg\"\/>(Cr\u00e9dit : La Table d\u2019Augustine)<\/p>\n<p>\u00c0 deux pas du Panier, <strong><a href=\"https:\/\/latabledaugustine.fr\/\" target=\"_blank\" data-type=\"link\" data-id=\"https:\/\/latabledaugustine.fr\/\" rel=\"noreferrer noopener nofollow\">La Table d\u2019Augustine<\/a><\/strong> d\u00e9ploie sa terrasse ombrag\u00e9e et raffin\u00e9e avec ses grandes nappes blanches, sur la paisible place des Augustines. Inspir\u00e9 par les recettes d\u2019antan, le chef y propose une cuisine proven\u00e7ale g\u00e9n\u00e9reuse, \u00e9labor\u00e9e \u00e0 partir de produits locaux soigneusement s\u00e9lectionn\u00e9s. L\u2019adresse cultive une atmosph\u00e8re simple et conviviale, o\u00f9 l\u2019on vient autant pour savourer un gigot d\u2019agneau ou une daube mijot\u00e9e que pour profiter du charme d\u2019un repas en plein air, entre vieilles pierres et douceur m\u00e9diterran\u00e9enne.<\/p>\n<p>Le Chalet du Pharo<img loading=\"lazy\" decoding=\"async\" width=\"900\" height=\"506\" src=\"data:image\/svg+xml,%3Csvg%20xmlns=\" http:=\"\" alt=\"\" class=\"wp-image-371992\" data-lazy- data-lazy- data-lazy-src=\"https:\/\/www.europesays.com\/fr\/wp-content\/uploads\/2025\/08\/img_1339.jpeg\"\/>(Cr\u00e9dit : Tripadvisor)<\/p>\n<p>Install\u00e9 dans le jardin du Pharo, <strong><a href=\"https:\/\/www.le-chalet-du-pharo.com\/\" data-type=\"link\" data-id=\"https:\/\/www.le-chalet-du-pharo.com\/\" target=\"_blank\" rel=\"noreferrer noopener nofollow\">le Chalet du Pharo<\/a><\/strong> offre depuis sa terrasse l\u2019une des plus belles vues sur le Vieux-Port et le Mucem. L\u2019\u00e9tablissement propose deux cartes. Celle du midi, plus pour casser la cro\u00fbte mais pas n\u2019importe comment ! Salade C\u00e9sar, aubergine laqu\u00e9e, Burger avec effiloch\u00e9 de b\u0153uf, tataki de b\u0153uf ou encore du loup et du poulpe. Le soir, le restaurant change d\u2019ambiance avec ses tables sont napp\u00e9es. Sa carte du soir volontairement r\u00e9duite \u2014 gage de produits frais \u2014 met \u00e0 l\u2019honneur une cuisine simple mais bien faite : filet de loup ou poulpe grill\u00e9 pour le poisson, et pi\u00e8ce de b\u0153uf ou c\u00f4te de cochon pour les amateurs de viande. On s\u2019y installe pour savourer ces sp\u00e9cialit\u00e9s en toute tranquillit\u00e9, berc\u00e9 par la vue et la douceur du lieu.<\/p>\n<p>La Calanque Blanche<img loading=\"lazy\" decoding=\"async\" width=\"1024\" height=\"738\" src=\"data:image\/svg+xml,%3Csvg%20xmlns=\" http:=\"\" alt=\"\" class=\"wp-image-371993\" data-lazy- data-lazy- data-lazy-src=\"https:\/\/www.europesays.com\/fr\/wp-content\/uploads\/2025\/08\/img_1341-1024x738.jpeg\"\/>(Cr\u00e9dit : Office du Tourisme de Marseille)<\/p>\n<p>\u00c0 l\u2019entr\u00e9e du quartier des Goudes, <strong><a href=\"https:\/\/lacalanqueblanche.fr\/\" target=\"_blank\" data-type=\"link\" data-id=\"https:\/\/lacalanqueblanche.fr\/\" rel=\"noreferrer noopener nofollow\">La Calanque Blanche<\/a><\/strong> (qui porte bien son nom). Cette guinguette discr\u00e8te semble pos\u00e9e \u00e0 m\u00eame le rocher. La terrasse, ouverte sur la mer, donne directement le ton : ici, aucun luxe, juste une cuisine de l\u2019instant. Poissons grill\u00e9s, friture du jour, supions en persillade ou linguine aux palourdes selon le jour. La carte est courte mais sinc\u00e8re, avec cette fra\u00eecheur marine qu\u2019on ne retrouve qu\u2019\u00e0 la c\u00f4te. Alors si vous \u00eates \u00e0 la recherche d\u2019une pause authentique, berc\u00e9e par les vagues et surtout d\u2019un couch\u00e9 de soleil \u00e0 couper le souffle. Vous \u00eates au bon endroit !<\/p>\n<p>La Marine des Goudes<img loading=\"lazy\" decoding=\"async\" width=\"1024\" height=\"731\" src=\"data:image\/svg+xml,%3Csvg%20xmlns=\" http:=\"\" alt=\"\" class=\"wp-image-371994\" data-lazy- data-lazy- data-lazy-src=\"https:\/\/www.europesays.com\/fr\/wp-content\/uploads\/2025\/08\/img_1342-1024x731.jpeg\"\/>(Cr\u00e9dit : La Marine des Goudes)<\/p>\n<p>Plus bas, aux pieds du petit port des Goudes, une table humble mais appliqu\u00e9e, r\u00e9unit les passionn\u00e9s de produits de la mer \u00e0 <strong><a href=\"https:\/\/www.la-marine-des-goudes-restaurant-marseille.com\/\" data-type=\"link\" data-id=\"https:\/\/www.la-marine-des-goudes-restaurant-marseille.com\/\" target=\"_blank\" rel=\"noreferrer noopener nofollow\">La Marine des Goudes<\/a><\/strong>. Sur la terrasse calme et ombrag\u00e9e, on regarde les barques passer en appr\u00e9ciant des plats simples : loup grill\u00e9, bouillabaisse selon arrivage, poissons ultra-frais, homard et langoustines\u2026 Tout est fait maison, de la pur\u00e9e aux p\u00e2tes fra\u00eeches.<\/p>\n<p>Et le vrai plus ? Avec les poissons d\u2019arrivage on peut fa\u00e7onner selonn nos envies, un grand plat \u00e0 partager sur mesure. La carte des vins est aussi un vrai plus pour couronner l\u2019exp\u00e9rience. Ici, la cuisine ne fait pas de promesses, elle les tient dans l\u2019assiette. Vous pourrez aussi appr\u00e9cier le coucher de soleil face au port dans une ambiance calme et d\u00e9tendue.<\/p>\n<p>Santorin<img loading=\"lazy\" decoding=\"async\" width=\"802\" height=\"1024\" data-id=\"371996\" src=\"data:image\/svg+xml,%3Csvg%20xmlns=\" http:=\"\" alt=\"\" class=\"wp-image-371996\" data-lazy- data-lazy- data-lazy-src=\"https:\/\/www.europesays.com\/fr\/wp-content\/uploads\/2025\/08\/img_1344-802x1024.jpeg\"\/>(Cr\u00e9dit : Gomet\u2019)<img loading=\"lazy\" decoding=\"async\" width=\"765\" height=\"1024\" data-id=\"371995\" src=\"data:image\/svg+xml,%3Csvg%20xmlns=\" http:=\"\" alt=\"\" class=\"wp-image-371995\" data-lazy- data-lazy- data-lazy-src=\"https:\/\/www.europesays.com\/fr\/wp-content\/uploads\/2025\/08\/img_1343-765x1024.jpeg\"\/>(Cr\u00e9dit : Gomet\u2019)<\/p>\n<p>Dans une palette de bleu et de blanc, <strong><a href=\"https:\/\/www.santorinrestaurantmarseille.com\/\" data-type=\"link\" data-id=\"https:\/\/www.santorinrestaurantmarseille.com\/\" target=\"_blank\" rel=\"noreferrer noopener nofollow\">Santorin <\/a><\/strong>offre depuis sa terrasse de Pointe Rouge une vue sublime sur la mer, id\u00e9ale pour admirer le soleil couchant. Sa carte, fid\u00e8le aux classiques des Cyclades \u2014 pita maison, tzatz\u00edki, gyros, salade de poulpe \u2014 mise sur l\u2019authenticit\u00e9 des produits. Simple, savoureux et parfaitement rythm\u00e9 par la mer. comme si l\u2019on d\u00eenait dans les Cyclades. Une parenth\u00e8se douce et gourmande, loin du tumulte de la ville. Ouvert midi et soir, le restaurant organise aussi parfois des brunch festifs les dimanches. Nouveaut\u00e9 de 2024, le restaurant est tr\u00e8s pris\u00e9, donc mieux vaut s\u2019y prendre \u00e0 l\u2019avance.<\/p>\n<p>Tuba Club<img loading=\"lazy\" decoding=\"async\" width=\"745\" height=\"590\" src=\"data:image\/svg+xml,%3Csvg%20xmlns=\" http:=\"\" alt=\"\" class=\"wp-image-371998\" data-lazy- data-lazy- data-lazy-src=\"https:\/\/www.europesays.com\/fr\/wp-content\/uploads\/2025\/08\/img_1347.jpeg\"\/>(Cr\u00e9dit : Tuba Club)<\/p>\n<p>Aux Goudes, <strong><a href=\"https:\/\/tuba-club.com\/\" data-type=\"link\" data-id=\"https:\/\/tuba-club.com\/\" target=\"_blank\" rel=\"noreferrer noopener nofollow\">le Tuba Club<\/a><\/strong> d\u00e9ploie ses tables \u00e0 m\u00eame les rochers, si pr\u00e8s de l\u2019eau que les vagues semblent fr\u00f4ler vos pieds. Dans cet esprit de cabanon revisit\u00e9, l\u2019atmosph\u00e8re est \u00e0 la fois d\u00e9contract\u00e9e et pr\u00e9cieuse, port\u00e9e par une vue \u00e0 couper le souffle. \u00c0 la carte, pas de viande ! Le restaurant propose des plateaux de fruits de mer, carpaccio de pagre et d\u2019autres poissons plus classique. Le midi, on peut s\u2019y installer avec un matelas \u00e0 m\u00eame le sol pour profiter du soleil. Si d\u00eener sur les calanques ne vous attire pas, l\u2019\u00e9tablissement dispose d\u2019un roof top et d\u2019une terrasse avec toujours le merveilleux paysage des Goudes en arri\u00e8re plan.<\/p>\n<p class=\"has-background\" style=\"background-color:#eaf7ff\">Liens utiles\u00a0 \u00a0 \u00a0 \u00a0 \u00a0 \u00a0 \u00a0 \u00a0 \u00a0 \u00a0 \u00a0 \u00a0 \u00a0 \u00a0 \u00a0 \u00a0 \u00a0 \u00a0 \u00a0 \u00a0 \u00a0 \u00a0 \u00a0 \u00a0 \u00a0 \u00a0 \u00a0 \u00a0 \u00a0 \u00a0 <\/p>\n<p><strong><a href=\"https:\/\/gomet.net\/theme\/city-guide-2\/voyages\/\" target=\"_blank\" rel=\"noreferrer noopener nofollow\">Retrouvez nos balades et sorties dans notre rubrique loisirs<\/a><\/strong><br \/>Consultez\u00a0<a href=\"https:\/\/gomet.net\/supplement-vacances-et-ete-2025-profitez-du-sud\/\" rel=\"nofollow noopener\" target=\"_blank\"><strong>notre suppl\u00e9ment Et\u00e9 et vacances 2025<\/strong><\/a><\/p>\n<p><script async src=\"\/\/www.instagram.com\/embed.js\"><\/script><\/p>\n","protected":false},"excerpt":{"rendered":"\u00c0 Marseille, manger en terrasse fait partie de l\u2019art de vivre. Qu\u2019elles surplombent le port, longent les calanques&hellip;\n","protected":false},"author":2,"featured_media":317223,"comment_status":"","ping_status":"","sticky":false,"template":"","format":"standard","meta":{"footnotes":""},"categories":[2814],"tags":[1111,11,1777,674,1011,27,884,12,882,25],"class_list":{"0":"post-317222","1":"post","2":"type-post","3":"status-publish","4":"format-standard","5":"has-post-thumbnail","7":"category-marseille","8":"tag-actu","9":"tag-actualites","10":"tag-eu","11":"tag-europe","12":"tag-fr","13":"tag-france","14":"tag-marseille","15":"tag-news","16":"tag-provence-alpes-cote-dazur","17":"tag-republique-francaise"},"share_on_mastodon":{"url":"https:\/\/pubeurope.com\/@fr\/115023733347059403","error":""},"_links":{"self":[{"href":"https:\/\/www.europesays.com\/fr\/wp-json\/wp\/v2\/posts\/317222","targetHints":{"allow":["GET"]}}],"collection":[{"href":"https:\/\/www.europesays.com\/fr\/wp-json\/wp\/v2\/posts"}],"about":[{"href":"https:\/\/www.europesays.com\/fr\/wp-json\/wp\/v2\/types\/post"}],"author":[{"embeddable":true,"href":"https:\/\/www.europesays.com\/fr\/wp-json\/wp\/v2\/users\/2"}],"replies":[{"embeddable":true,"href":"https:\/\/www.europesays.com\/fr\/wp-json\/wp\/v2\/comments?post=317222"}],"version-history":[{"count":0,"href":"https:\/\/www.europesays.com\/fr\/wp-json\/wp\/v2\/posts\/317222\/revisions"}],"wp:featuredmedia":[{"embeddable":true,"href":"https:\/\/www.europesays.com\/fr\/wp-json\/wp\/v2\/media\/317223"}],"wp:attachment":[{"href":"https:\/\/www.europesays.com\/fr\/wp-json\/wp\/v2\/media?parent=317222"}],"wp:term":[{"taxonomy":"category","embeddable":true,"href":"https:\/\/www.europesays.com\/fr\/wp-json\/wp\/v2\/categories?post=317222"},{"taxonomy":"post_tag","embeddable":true,"href":"https:\/\/www.europesays.com\/fr\/wp-json\/wp\/v2\/tags?post=317222"}],"curies":[{"name":"wp","href":"https:\/\/api.w.org\/{rel}","templated":true}]}}