{"id":317224,"date":"2025-08-13T22:07:10","date_gmt":"2025-08-13T22:07:10","guid":{"rendered":"https:\/\/www.europesays.com\/fr\/317224\/"},"modified":"2025-08-13T22:07:10","modified_gmt":"2025-08-13T22:07:10","slug":"lolympique-de-marseille-recrute-une-mascotte-intelligente","status":"publish","type":"post","link":"https:\/\/www.europesays.com\/fr\/317224\/","title":{"rendered":"L&rsquo;Olympique de Marseille recrute une mascotte intelligente"},"content":{"rendered":"<p><img fetchpriority=\"high\" decoding=\"async\" width=\"620\" height=\"413\" src=\"https:\/\/www.europesays.com\/fr\/wp-content\/uploads\/2025\/08\/OM-x-Theta-Edgecloud-620x413.jpeg\" alt=\"OM : L'Olympique de Marseille recrute une mascotte intelligente\" class=\"wp-image-376082\"  \/>L\u2019OM s\u2019est associ\u00e9 \u00e0 Theta EdgeCloud pour une solution innovante \u00e0 destination des fans.<\/p>\n<p>L\u2019<a href=\"https:\/\/sportune.20minutes.fr\/olympique-de-marseille-om\" rel=\"nofollow noopener\" target=\"_blank\">Olympique de Marseille<\/a> s\u2019associe \u00e0 Theta EdgeCloud pour lancer la premi\u00e8re mascotte aliment\u00e9e par intelligence artificielle de <a href=\"https:\/\/sportune.20minutes.fr\/ligue-1-l1\" rel=\"nofollow noopener\" target=\"_blank\">Ligue 1<\/a>. Cette assistant virtuel sera disponible d\u00e8s le d\u00e9but de la saison 2025\/2026 sur le site officiel et l\u2019application mobile du club.<\/p>\n<p>La mascotte intelligente r\u00e9pondra aux questions des supporters en langage naturel dans quatre domaines principaux : informations sur les matchs (compositions d\u2019\u00e9quipes, statistiques, itin\u00e9raires vers l\u2019Orange V\u00e9lodrome), donn\u00e9es sur les joueurs (statistiques, blessures, historiques), services interactifs (quiz, sondages) et offres commerciales (produits d\u00e9riv\u00e9s, promotions).<\/p>\n<p>Le syst\u00e8me utilise la technologie RAG (Retrieval Augmented Generation) pour fournir des r\u00e9ponses actualis\u00e9es bas\u00e9es sur les donn\u00e9es de l\u2019<a href=\"https:\/\/sportune.20minutes.fr\/olympique-de-marseille-om\" rel=\"nofollow noopener\" target=\"_blank\">OM<\/a> et de la <a href=\"https:\/\/sportune.20minutes.fr\/ligue-1-l1\" rel=\"nofollow noopener\" target=\"_blank\">Ligue 1<\/a>. Les supporters pourront poser des questions comme \u00ab\u00a0Quelle est la composition pour le match de ce soir ?\u00a0\u00bb et obtenir des r\u00e9ponses instantan\u00e9es.<\/p>\n<p>Une version plus aboutie suivra<\/p>\n<p>\u00ab\u00a0Ce partenariat avec Theta Edgecloud marque une nouvelle \u00e9tape dans notre ambition de faire de l\u2019<a href=\"https:\/\/sportune.20minutes.fr\/olympique-de-marseille-om\" rel=\"nofollow noopener\" target=\"_blank\">OM<\/a> un club plus moderne, connect\u00e9 et tourn\u00e9 vers l\u2019avenir. Ensemble, nous travaillerons \u00e0 renforcer notre infrastructure technologique au profit de nos supporters et des performances de nos \u00e9quipes\u00a0\u00bb, explique le directeur g\u00e9n\u00e9ral de l\u2019<a href=\"https:\/\/sportune.20minutes.fr\/olympique-de-marseille-om\" rel=\"nofollow noopener\" target=\"_blank\">OM<\/a>, Alessandro Antonello<\/p>\n<p>La plateforme fonctionne sur le r\u00e9seau d\u00e9centralis\u00e9 Theta EdgeCloud, qui compte plus de 30 000 GPU communautaires offrant une capacit\u00e9 de calcul sup\u00e9rieure \u00e0 80 p\u00e9taflops. Cette architecture permet de maintenir des performances optimales lors des pics d\u2019affluence. Les d\u00e9veloppements futurs pr\u00e9voient l\u2019int\u00e9gration de l\u2019assistance billetterie, du service client, de la localisation dans le stade, des outils de ligue fantasy et de l\u2019analyse pr\u00e9dictive des matchs.<\/p>\n","protected":false},"excerpt":{"rendered":"L\u2019OM s\u2019est associ\u00e9 \u00e0 Theta EdgeCloud pour une solution innovante \u00e0 destination des fans. L\u2019Olympique de Marseille s\u2019associe&hellip;\n","protected":false},"author":2,"featured_media":317225,"comment_status":"","ping_status":"","sticky":false,"template":"","format":"standard","meta":{"footnotes":""},"categories":[2814],"tags":[1111,11,1777,674,1011,27,884,12,149,882,25,969],"class_list":{"0":"post-317224","1":"post","2":"type-post","3":"status-publish","4":"format-standard","5":"has-post-thumbnail","7":"category-marseille","8":"tag-actu","9":"tag-actualites","10":"tag-eu","11":"tag-europe","12":"tag-fr","13":"tag-france","14":"tag-marseille","15":"tag-news","16":"tag-om","17":"tag-provence-alpes-cote-dazur","18":"tag-republique-francaise","19":"tag-transfert"},"share_on_mastodon":{"url":"https:\/\/pubeurope.com\/@fr\/115023737236464174","error":""},"_links":{"self":[{"href":"https:\/\/www.europesays.com\/fr\/wp-json\/wp\/v2\/posts\/317224","targetHints":{"allow":["GET"]}}],"collection":[{"href":"https:\/\/www.europesays.com\/fr\/wp-json\/wp\/v2\/posts"}],"about":[{"href":"https:\/\/www.europesays.com\/fr\/wp-json\/wp\/v2\/types\/post"}],"author":[{"embeddable":true,"href":"https:\/\/www.europesays.com\/fr\/wp-json\/wp\/v2\/users\/2"}],"replies":[{"embeddable":true,"href":"https:\/\/www.europesays.com\/fr\/wp-json\/wp\/v2\/comments?post=317224"}],"version-history":[{"count":0,"href":"https:\/\/www.europesays.com\/fr\/wp-json\/wp\/v2\/posts\/317224\/revisions"}],"wp:featuredmedia":[{"embeddable":true,"href":"https:\/\/www.europesays.com\/fr\/wp-json\/wp\/v2\/media\/317225"}],"wp:attachment":[{"href":"https:\/\/www.europesays.com\/fr\/wp-json\/wp\/v2\/media?parent=317224"}],"wp:term":[{"taxonomy":"category","embeddable":true,"href":"https:\/\/www.europesays.com\/fr\/wp-json\/wp\/v2\/categories?post=317224"},{"taxonomy":"post_tag","embeddable":true,"href":"https:\/\/www.europesays.com\/fr\/wp-json\/wp\/v2\/tags?post=317224"}],"curies":[{"name":"wp","href":"https:\/\/api.w.org\/{rel}","templated":true}]}}