{"id":317226,"date":"2025-08-13T22:08:13","date_gmt":"2025-08-13T22:08:13","guid":{"rendered":"https:\/\/www.europesays.com\/fr\/317226\/"},"modified":"2025-08-13T22:08:13","modified_gmt":"2025-08-13T22:08:13","slug":"une-nonagenaire-victime-dun-vol-a-larrache-a-oullins","status":"publish","type":"post","link":"https:\/\/www.europesays.com\/fr\/317226\/","title":{"rendered":"une nonag\u00e9naire victime d\u2019un vol \u00e0 l\u2019arrach\u00e9 \u00e0 Oullins"},"content":{"rendered":"<p>Anna, Oullinoise depuis 1951, ann\u00e9e de son mariage, se console chez sa fille Nicole. \u00ab\u00a0Elle est choqu\u00e9e, traumatis\u00e9e depuis cette agression. Je l\u2019ai recueillie \u00e0 la maison o\u00f9 elle se repose. S\u2019en prendre \u00e0 une personne aussi \u00e2g\u00e9e me r\u00e9volte\u00a0\u00bb, confie Nicole. \u00ab\u00a0Elle aurait pu se blesser en chutant dans l\u2019escalier. C\u2019est inhumain\u00a0\u00bb, l\u00e2che-t-elle.<\/p>\n<p>Anna qui f\u00eatera en octobre ses 92 ans habite dans la Grande rue d\u2019Oullins dans un petit immeuble familial depuis 74 ans. \u00ab\u00a0\u00c0 l\u2019\u00e9poque mes&#8230;<\/p>\n","protected":false},"excerpt":{"rendered":"Anna, Oullinoise depuis 1951, ann\u00e9e de son mariage, se console chez sa fille Nicole. \u00ab\u00a0Elle est choqu\u00e9e, traumatis\u00e9e&hellip;\n","protected":false},"author":2,"featured_media":317227,"comment_status":"","ping_status":"","sticky":false,"template":"","format":"standard","meta":{"footnotes":""},"categories":[1889],"tags":[1111,11,2430,271,272,3154,1777,674,274,107,1011,27,2428,12,15665,15666,25,2429],"class_list":{"0":"post-317226","1":"post","2":"type-post","3":"status-publish","4":"format-standard","5":"has-post-thumbnail","7":"category-lyon","8":"tag-actu","9":"tag-actualites","10":"tag-auvergne-rhone-alpes","11":"tag-crime","12":"tag-delit-et-contravention","13":"tag-edition-sud-lyonnais","14":"tag-eu","15":"tag-europe","16":"tag-faits-divers-justice","17":"tag-fil-info","18":"tag-fr","19":"tag-france","20":"tag-lyon","21":"tag-news","22":"tag-oullins-pierre-benite","23":"tag-oullins-ville","24":"tag-republique-francaise","25":"tag-rhone"},"share_on_mastodon":{"url":"https:\/\/pubeurope.com\/@fr\/115023741194308086","error":""},"_links":{"self":[{"href":"https:\/\/www.europesays.com\/fr\/wp-json\/wp\/v2\/posts\/317226","targetHints":{"allow":["GET"]}}],"collection":[{"href":"https:\/\/www.europesays.com\/fr\/wp-json\/wp\/v2\/posts"}],"about":[{"href":"https:\/\/www.europesays.com\/fr\/wp-json\/wp\/v2\/types\/post"}],"author":[{"embeddable":true,"href":"https:\/\/www.europesays.com\/fr\/wp-json\/wp\/v2\/users\/2"}],"replies":[{"embeddable":true,"href":"https:\/\/www.europesays.com\/fr\/wp-json\/wp\/v2\/comments?post=317226"}],"version-history":[{"count":0,"href":"https:\/\/www.europesays.com\/fr\/wp-json\/wp\/v2\/posts\/317226\/revisions"}],"wp:featuredmedia":[{"embeddable":true,"href":"https:\/\/www.europesays.com\/fr\/wp-json\/wp\/v2\/media\/317227"}],"wp:attachment":[{"href":"https:\/\/www.europesays.com\/fr\/wp-json\/wp\/v2\/media?parent=317226"}],"wp:term":[{"taxonomy":"category","embeddable":true,"href":"https:\/\/www.europesays.com\/fr\/wp-json\/wp\/v2\/categories?post=317226"},{"taxonomy":"post_tag","embeddable":true,"href":"https:\/\/www.europesays.com\/fr\/wp-json\/wp\/v2\/tags?post=317226"}],"curies":[{"name":"wp","href":"https:\/\/api.w.org\/{rel}","templated":true}]}}