{"id":317228,"date":"2025-08-13T22:09:10","date_gmt":"2025-08-13T22:09:10","guid":{"rendered":"https:\/\/www.europesays.com\/fr\/317228\/"},"modified":"2025-08-13T22:09:10","modified_gmt":"2025-08-13T22:09:10","slug":"a-lyon-50-des-batiments-municipaux-aux-normes-accessibilite-dici-2026","status":"publish","type":"post","link":"https:\/\/www.europesays.com\/fr\/317228\/","title":{"rendered":"A Lyon, 50% des b\u00e2timents municipaux aux normes accessibilit\u00e9 d\u2019ici 2026"},"content":{"rendered":"<p>\t\t\t\t\t\t\t<img loading=\"lazy\" decoding=\"async\" width=\"377\" height=\"250\" src=\"data:image\/gif;base64,R0lGODdhAQABAPAAAP\/\/\/wAAACwAAAAAAQABAEACAkQBADs=\" data-original=\"https:\/\/www.lagazettedescommunes.com\/wp-content\/uploads\/2025\/02\/2025-visite-chantier-mjc-duchere-muriel-chaulet-377x250.jpg\" alt=\"Visite de chantier de mise aux normes accessibilit\u00e9 de la MJC Lyon Duch\u00e8re.\" itemprop=\"url\"  \/>\t\t\t\t\t\t\t<\/p>\n<p class=\"legendePhoto\" itemprop=\"about\">Visite de chantier de mise aux normes accessibilit\u00e9 de la MJC Lyon Duch\u00e8re.<\/p>\n<p class=\"creditPhoto\" itemprop=\"copyrightHolder\">Muriel Chaulet<\/p>\n<p class=\"chapo\">C\u2019est arriv\u00e9 pr\u00e8s de chez vous cette ann\u00e9e. Notre s\u00e9rie de l\u2019\u00e9t\u00e9 revient sur les initiatives, exp\u00e9rimentations ou r\u00e9alisations port\u00e9es par vos collectivit\u00e9s locales. Voyons, aujourd\u2019hui, comment Lyon veut acc\u00e9l\u00e9rer l\u2019accessibilit\u00e9 de ses b\u00e2timents publics. <\/p>\n<p class=\"blocAlerteTag__title\">Ma Gazette<\/p>\n<p class=\"blocAlerteTag__description\">S\u00e9lectionnez vos th\u00e8mes et cr\u00e9ez votre newsletter personnalis\u00e9e<\/p>\n<p>Au pied du plateau de la Duch\u00e8re dans le neuvi\u00e8me arrondissement de Lyon, la MJC du quartier \u00e9pouse les formes de la colline. Erig\u00e9e sur trois niveaux, le b\u00e2timent largement vitr\u00e9 construit en 1966 offre des vues imprenables sur la capitale des Gaules, mais question accessibilit\u00e9, le compte n\u2019y \u00e9tait pas. Seul un escalier int\u00e9rieur permettait de franchir les trois \u00e9tages, sans aucun acc\u00e8s direct depuis la rue qui longe cet \u00e9difice sur son rez-de-chauss\u00e9e, tandis que l\u2019entr\u00e9e \u00e9tait situ\u00e9e sur la partie haute. En travaux depuis quelques semaines, la MJC se met au diapason des exigences de la loi handicap. Ses 1300 m\u00e8tres carr\u00e9s seront d\u2019ici septembre enti\u00e8rement r\u00e9am\u00e9nag\u00e9s. \u00ab\u00a0Nous installons deux ascenseurs \u00e0 l\u2019int\u00e9rieur et \u00e0 l\u2019ext\u00e9rieur et nous cr\u00e9ons une deuxi\u00e8me entr\u00e9e sur la partie &#8230;<\/p>\n<p class=\"blocCut__title\">\n\t\t\t\t\t[80% reste \u00e0 lire]\n\t\t\t<\/p>\n<p class=\"blocCut__title--type2\">Article r\u00e9serv\u00e9 aux abonn\u00e9s<\/p>\n<p class=\"blocCut__title--type3\">Club Techni.Cit\u00e9s<\/p>\n<p class=\"blocCut__title--type2\">VOUS N&rsquo;\u00eaTES PAS ABONN\u00e9 ?<\/p>\n<p class=\"blocCut__title--type4\">Testez notre Offre D\u00e9couverte Club Techni.Cit\u00e9s pendant 15 jours<\/p>\n<p>\t\t\t\t\t\t\t<a href=\"https:\/\/www.abonnement.infopro-digital.com\/club-technique\/inscription\/237\/1832#xtor=CS5-347-[site_paywall]-[https:\/\/www.lagazettedescommunes.com\/994587\/a-lyon-50-des-batiments-municipaux-aux-normes-accessibilite-dici-2026\/]-[page_article]-[a]\" target=\"_blank\" class=\"btn__full buttonTypeA buttonTypeA--1\" rel=\"noopener\">J\u2019en profite<\/a><\/p>\n","protected":false},"excerpt":{"rendered":"Visite de chantier de mise aux normes accessibilit\u00e9 de la MJC Lyon Duch\u00e8re. Muriel Chaulet C\u2019est arriv\u00e9 pr\u00e8s&hellip;\n","protected":false},"author":2,"featured_media":317229,"comment_status":"","ping_status":"","sticky":false,"template":"","format":"standard","meta":{"footnotes":""},"categories":[1889],"tags":[45555,1111,9247,9245,11,2430,4807,9244,1777,674,1011,27,20856,2428,12,25,9246],"class_list":{"0":"post-317228","1":"post","2":"type-post","3":"status-publish","4":"format-standard","5":"has-post-thumbnail","7":"category-lyon","8":"tag-accessibilite-handicapes","9":"tag-actu","10":"tag-actu-experts-technique","11":"tag-actu-technique","12":"tag-actualites","13":"tag-auvergne-rhone-alpes","14":"tag-batiment","15":"tag-club-technicites","16":"tag-eu","17":"tag-europe","18":"tag-fr","19":"tag-france","20":"tag-fsigot","21":"tag-lyon","22":"tag-news","23":"tag-republique-francaise","24":"tag-toute-lactu-technique"},"share_on_mastodon":{"url":"https:\/\/pubeurope.com\/@fr\/115023745073541287","error":""},"_links":{"self":[{"href":"https:\/\/www.europesays.com\/fr\/wp-json\/wp\/v2\/posts\/317228","targetHints":{"allow":["GET"]}}],"collection":[{"href":"https:\/\/www.europesays.com\/fr\/wp-json\/wp\/v2\/posts"}],"about":[{"href":"https:\/\/www.europesays.com\/fr\/wp-json\/wp\/v2\/types\/post"}],"author":[{"embeddable":true,"href":"https:\/\/www.europesays.com\/fr\/wp-json\/wp\/v2\/users\/2"}],"replies":[{"embeddable":true,"href":"https:\/\/www.europesays.com\/fr\/wp-json\/wp\/v2\/comments?post=317228"}],"version-history":[{"count":0,"href":"https:\/\/www.europesays.com\/fr\/wp-json\/wp\/v2\/posts\/317228\/revisions"}],"wp:featuredmedia":[{"embeddable":true,"href":"https:\/\/www.europesays.com\/fr\/wp-json\/wp\/v2\/media\/317229"}],"wp:attachment":[{"href":"https:\/\/www.europesays.com\/fr\/wp-json\/wp\/v2\/media?parent=317228"}],"wp:term":[{"taxonomy":"category","embeddable":true,"href":"https:\/\/www.europesays.com\/fr\/wp-json\/wp\/v2\/categories?post=317228"},{"taxonomy":"post_tag","embeddable":true,"href":"https:\/\/www.europesays.com\/fr\/wp-json\/wp\/v2\/tags?post=317228"}],"curies":[{"name":"wp","href":"https:\/\/api.w.org\/{rel}","templated":true}]}}