{"id":317230,"date":"2025-08-13T22:10:25","date_gmt":"2025-08-13T22:10:25","guid":{"rendered":"https:\/\/www.europesays.com\/fr\/317230\/"},"modified":"2025-08-13T22:10:25","modified_gmt":"2025-08-13T22:10:25","slug":"journees-europeennes-du-patrimoine-2024-decouvrez-le-programme-regional","status":"publish","type":"post","link":"https:\/\/www.europesays.com\/fr\/317230\/","title":{"rendered":"Journ\u00e9es europ\u00e9ennes du patrimoine 2024 : d\u00e9couvrez le programme r\u00e9gional"},"content":{"rendered":"<p>Chaque ann\u00e9e, le concours Patrimoines en po\u00e9sie invite les enfants de 8 \u00e0 12 ans \u00e0 \u00e9crire un po\u00e8me sur le patrimoine francilien de leur choix : monuments, patrimoine naturel, patrimoine industriel, gastronomique ou artistique&#8230; La curiosit\u00e9 et la cr\u00e9ativit\u00e9 sont encourag\u00e9es pour c\u00e9l\u00e9brer les plus beaux joyaux du patrimoine francilien.\u00a0<\/p>\n<p>\u00c0 l\u2019occasion des Journ\u00e9es europ\u00e9ennes du patrimoine, quelques ateliers d\u2019\u00e9criture sont organis\u00e9s. En famille ou en atelier, \u00e0 vos plumes et vos pinceaux !<\/p>\n<p>Le concours est ouvert <strong>du 21 septembre au 13 d\u00e9cembre 2024.<\/strong><\/p>\n<p>Un \u00e9v\u00e9nement coorganis\u00e9 par la R\u00e9gion \u00cele-de-France et la Drac \u00cele-de-France.<\/p>\n<p>\u25b6 <strong>Plus d&rsquo;infos<\/strong><\/p>\n","protected":false},"excerpt":{"rendered":"Chaque ann\u00e9e, le concours Patrimoines en po\u00e9sie invite les enfants de 8 \u00e0 12 ans \u00e0 \u00e9crire un&hellip;\n","protected":false},"author":2,"featured_media":317231,"comment_status":"","ping_status":"","sticky":false,"template":"","format":"standard","meta":{"footnotes":""},"categories":[1592],"tags":[1111,11,1777,674,1011,27,662,12,626,25],"class_list":{"0":"post-317230","1":"post","2":"type-post","3":"status-publish","4":"format-standard","5":"has-post-thumbnail","7":"category-ile-de-france","8":"tag-actu","9":"tag-actualites","10":"tag-eu","11":"tag-europe","12":"tag-fr","13":"tag-france","14":"tag-ile-de-france","15":"tag-news","16":"tag-paris","17":"tag-republique-francaise"},"share_on_mastodon":{"url":"https:\/\/pubeurope.com\/@fr\/115023749104497247","error":""},"_links":{"self":[{"href":"https:\/\/www.europesays.com\/fr\/wp-json\/wp\/v2\/posts\/317230","targetHints":{"allow":["GET"]}}],"collection":[{"href":"https:\/\/www.europesays.com\/fr\/wp-json\/wp\/v2\/posts"}],"about":[{"href":"https:\/\/www.europesays.com\/fr\/wp-json\/wp\/v2\/types\/post"}],"author":[{"embeddable":true,"href":"https:\/\/www.europesays.com\/fr\/wp-json\/wp\/v2\/users\/2"}],"replies":[{"embeddable":true,"href":"https:\/\/www.europesays.com\/fr\/wp-json\/wp\/v2\/comments?post=317230"}],"version-history":[{"count":0,"href":"https:\/\/www.europesays.com\/fr\/wp-json\/wp\/v2\/posts\/317230\/revisions"}],"wp:featuredmedia":[{"embeddable":true,"href":"https:\/\/www.europesays.com\/fr\/wp-json\/wp\/v2\/media\/317231"}],"wp:attachment":[{"href":"https:\/\/www.europesays.com\/fr\/wp-json\/wp\/v2\/media?parent=317230"}],"wp:term":[{"taxonomy":"category","embeddable":true,"href":"https:\/\/www.europesays.com\/fr\/wp-json\/wp\/v2\/categories?post=317230"},{"taxonomy":"post_tag","embeddable":true,"href":"https:\/\/www.europesays.com\/fr\/wp-json\/wp\/v2\/tags?post=317230"}],"curies":[{"name":"wp","href":"https:\/\/api.w.org\/{rel}","templated":true}]}}