{"id":317234,"date":"2025-08-13T22:12:13","date_gmt":"2025-08-13T22:12:13","guid":{"rendered":"https:\/\/www.europesays.com\/fr\/317234\/"},"modified":"2025-08-13T22:12:13","modified_gmt":"2025-08-13T22:12:13","slug":"face-a-la-hausse-des-noyades-lex-championne-de-natation-charlene-de-monaco-veut-faire-de-lapprentissage-de-la-nage-un-droit-fondamental","status":"publish","type":"post","link":"https:\/\/www.europesays.com\/fr\/317234\/","title":{"rendered":"Face \u00e0 la hausse des noyades, l&rsquo;ex-championne de natation Charl\u00e8ne de Monaco veut faire de l&rsquo;apprentissage de la nage un \u00ab\u00a0droit fondamental\u00a0\u00bb"},"content":{"rendered":"<p class=\"c-chapo \">\n  Entre le 1er juin et le 23 juillet, 193 personnes sont mortes noy\u00e9es, soit +45% sur un an, selon les derniers chiffres de Sant\u00e9 Publique France.\n<\/p>\n<p>            lire plus tard<\/p>\n<p id=\"dialog__title\" class=\"dialog__title\">Pour sauvegarder cet article, connectez-vous ou cr\u00e9ez un compte franceinfo<\/p>\n<p class=\"dialog__description\">Sans paiement. Sans abonnement.<\/p>\n<p>        Fermer la fen\u00eatre d\u2019activation des notifications France Info<\/p>\n<p>            cr\u00e9er votre compte<\/p>\n<p>            se connecter<\/p>\n<p>        Fermer la fen\u00eatre de pr\u00e9sentation<\/p>\n<p>    <img loading=\"lazy\" decoding=\"async\" class=\"signature__image lazyload\" width=\"100\" height=\"100\" data- alt=\"\" src=\"https:\/\/www.europesays.com\/fr\/wp-content\/uploads\/2025\/05\/64a68815cd1a7_placeholder-36b69ec8.png\"\/><\/p>\n<p>    Publi\u00e9 le 13\/08\/2025 21:43<\/p>\n<p>        Temps de lecture : 2min<\/p>\n<p>    <img decoding=\"async\"  alt=\"La princesse Charl\u00e8ne de Monaco \u00e0 Monte Carlo, le 13 avril 2025. (VALERY HACHE \/ AFP)\" width=\"432\" height=\"243\" src=\"https:\/\/www.europesays.com\/fr\/wp-content\/uploads\/2025\/08\/000-427k9fy-689ceac220141421185979.jpg\" fetchpriority=\"high\"\/><\/p>\n<p>      La princesse Charl\u00e8ne de Monaco \u00e0 Monte Carlo, le 13 avril 2025. (VALERY HACHE \/ AFP)<\/p>\n<p>Elle s&rsquo;engage pour une cause qui lui tient \u00e0 c\u0153ur. L&rsquo;apprentissage de la natation doit devenir un \u00ab\u00a0droit fondamental\u00a0\u00bb, face aux dangers de noyades, <a href=\"https:\/\/www.franceinfo.fr\/replay-jt\/france-2\/13-heures\/noyades-une-hausse-preoccupante-des-deces_7371223.html\" rel=\"nofollow noopener\" target=\"_blank\">en forte hausse en France<\/a>, estime la princesse Charl\u00e8ne de Monaco, ancienne championne de natation, dans un entretien \u00e0 <a href=\"https:\/\/www.ouest-france.fr\/societe\/entretien-charlene-de-monaco-derriere-chaque-noyade-il-y-a-une-famille-bouleversee-83ece66a-7829-11f0-86b5-962552fd955f\" rel=\"nofollow noopener\" target=\"_blank\">Ouest France<\/a>.<\/p>\n<p>\u00ab\u00a0Apprendre \u00e0 nager devrait \u00eatre un droit fondamental, au m\u00eame titre qu&rsquo;apprendre \u00e0 lire. Rendre cet apprentissage gratuit, c&rsquo;est aussi une question d&rsquo;\u00e9galit\u00e9\u00a0\u00bb, affirme l&rsquo;ex-championne de natation sud-africaine Charl\u00e8ne Wittstock, qui a \u00e9pous\u00e9 le prince Albert en 2011. Depuis le d\u00e9but de l&rsquo;ann\u00e9e, la hausse du nombre de noyades en France inqui\u00e8te. Entre le 1er juin et le 23 juillet, 193 personnes sont mortes noy\u00e9es, soit +45% sur un an, selon les derniers chiffres de Sant\u00e9 Publique France.<\/p>\n<p>\u00ab\u00a0Je suis profond\u00e9ment pr\u00e9occup\u00e9e par cette forte hausse, une grande partie de ces drames peut \u00eatre \u00e9vit\u00e9e\u00a0\u00bb, poursuit la princesse, \u00e0 la t\u00eate d&rsquo;une fondation qui porte son nom et travaille notamment dans plus d&rsquo;une quarantaine de pays \u00e0 former \u00e0 la natation et sensibiliser aux dangers de l&rsquo;eau. \u00ab\u00a0Quand on sait nager, quand on conna\u00eet les r\u00e8gles de s\u00e9curit\u00e9, on r\u00e9duit \u00e9norm\u00e9ment le risque (&#8230;). La pr\u00e9vention, ce n&rsquo;est pas seulement des affiches ou des slogans : c&rsquo;est mettre les enfants \u00e0 l&rsquo;eau tr\u00e8s t\u00f4t, encadr\u00e9s, pour leur apprendre \u00e0 se sauver\u00a0\u00bb.<\/p>\n<p>Elle juge \u00e9galement \u00ab\u00a0formidable\u00a0\u00bb, l&rsquo;appel lanc\u00e9 d\u00e9but ao\u00fbt dans Le Parisien par les champions olympiques de natation Alain Bernard et Florent Manaudou pour <a href=\"https:\/\/www.franceinfo.fr\/sante\/alain-bernard-et-florent-manaudou-appellent-a-un-plan-piscine-pour-lutter-contre-le-nombre-de-noyades-en-france_7414231.html\" rel=\"nofollow noopener\" target=\"_blank\">un plan de construction de piscines et d&rsquo;apprentissage de la natation<\/a>, notamment \u00ab\u00a0en zone rurale et dans les banlieues d\u00e9favoris\u00e9es\u00a0\u00bb. Ces derniers jours, la F\u00e9d\u00e9ration fran\u00e7aise des ma\u00eetres-nageurs sauveteurs <a href=\"https:\/\/www.franceinfo.fr\/faits-divers\/noyades\/hausse-des-noyades-la-federation-francaise-des-maitres-nageurs-sauveteurs-preconise-d-apprendre-a-nager-a-tout-le-monde-gratuitement_7429669.html\" rel=\"nofollow noopener\" target=\"_blank\">a aussi pr\u00f4n\u00e9<\/a> l&rsquo;apprentissage gratuit de la natation pour tous.<\/p>\n<p class=\"related-tags__title\" role=\"heading\" aria-level=\"2\">les mots-cl\u00e9s associ\u00e9s \u00e0 cet article\n    <\/p>\n","protected":false},"excerpt":{"rendered":"Entre le 1er juin et le 23 juillet, 193 personnes sont mortes noy\u00e9es, soit +45% sur un an,&hellip;\n","protected":false},"author":2,"featured_media":317235,"comment_status":"","ping_status":"","sticky":false,"template":"","format":"standard","meta":{"footnotes":""},"categories":[1888],"tags":[1111,1928,11,1927,1777,674,1011,27,12,1926,626,1925,25],"class_list":{"0":"post-317234","1":"post","2":"type-post","3":"status-publish","4":"format-standard","5":"has-post-thumbnail","7":"category-paris","8":"tag-actu","9":"tag-actu-paris","10":"tag-actualites","11":"tag-actualites-paris","12":"tag-eu","13":"tag-europe","14":"tag-fr","15":"tag-france","16":"tag-news","17":"tag-news-paris","18":"tag-paris","19":"tag-paris-news","20":"tag-republique-francaise"},"share_on_mastodon":{"url":"https:\/\/pubeurope.com\/@fr\/115023756884013739","error":""},"_links":{"self":[{"href":"https:\/\/www.europesays.com\/fr\/wp-json\/wp\/v2\/posts\/317234","targetHints":{"allow":["GET"]}}],"collection":[{"href":"https:\/\/www.europesays.com\/fr\/wp-json\/wp\/v2\/posts"}],"about":[{"href":"https:\/\/www.europesays.com\/fr\/wp-json\/wp\/v2\/types\/post"}],"author":[{"embeddable":true,"href":"https:\/\/www.europesays.com\/fr\/wp-json\/wp\/v2\/users\/2"}],"replies":[{"embeddable":true,"href":"https:\/\/www.europesays.com\/fr\/wp-json\/wp\/v2\/comments?post=317234"}],"version-history":[{"count":0,"href":"https:\/\/www.europesays.com\/fr\/wp-json\/wp\/v2\/posts\/317234\/revisions"}],"wp:featuredmedia":[{"embeddable":true,"href":"https:\/\/www.europesays.com\/fr\/wp-json\/wp\/v2\/media\/317235"}],"wp:attachment":[{"href":"https:\/\/www.europesays.com\/fr\/wp-json\/wp\/v2\/media?parent=317234"}],"wp:term":[{"taxonomy":"category","embeddable":true,"href":"https:\/\/www.europesays.com\/fr\/wp-json\/wp\/v2\/categories?post=317234"},{"taxonomy":"post_tag","embeddable":true,"href":"https:\/\/www.europesays.com\/fr\/wp-json\/wp\/v2\/tags?post=317234"}],"curies":[{"name":"wp","href":"https:\/\/api.w.org\/{rel}","templated":true}]}}