{"id":317236,"date":"2025-08-13T22:13:32","date_gmt":"2025-08-13T22:13:32","guid":{"rendered":"https:\/\/www.europesays.com\/fr\/317236\/"},"modified":"2025-08-13T22:13:32","modified_gmt":"2025-08-13T22:13:32","slug":"stade-francais-racing-92-a-chateauroux-plus-que-2-700-places-a-vendre","status":"publish","type":"post","link":"https:\/\/www.europesays.com\/fr\/317236\/","title":{"rendered":"Stade Fran\u00e7ais &#8211; Racing 92 \u00e0 Ch\u00e2teauroux : plus que 2.700 places \u00e0 vendre"},"content":{"rendered":"<p>Pour les retardataires, il va falloir se d\u00e9p\u00eacher\u00a0! Alors que nous sommes \u00e0 dix jours du match et qu\u2019une tribune (celle du Cr\u00e9dit Agricole) sera ferm\u00e9e, il ne reste plus que 2.700 places \u00e0 vendre pour la rencontre amicale du 23\u00a0ao\u00fbt entre le Stade Fran\u00e7ais et la Racing 92. Plus de sept mille billets ayant d\u00e9j\u00e0 trouv\u00e9 preneur, Gaston-Petit a de grandes chances de se retrouver \u00e0 guichets ferm\u00e9s pour ce match de gala entre les deux formations parisiennes du Top\u00a014.<\/p>\n<p>Une bodega g\u00e9ante jusqu\u2019\u00e0 1 heure du matin<\/p>\n<p>\u00ab\u00a0On peut encore acheter des billets sur le site de Ch\u00e2teauroux M\u00e9tropole, assure le pr\u00e9sident du Rac Ch\u00e2teauroux, Nicolas Bandaly. Ainsi que le jour du match \u00e0 l\u2019entr\u00e9e principale du stade dans l\u2019\u00e9ventualit\u00e9 o\u00f9 il en resterait encore.\u00a0\u00bb<\/p>\n<p>Pour ceux qui auront le pr\u00e9cieux s\u00e9same, l\u2019ouverture des portes se fera \u00e0 17\u00a0h\u00a030, soit quatre-vingt-dix minutes avant le coup d\u2019envoi \u00e0 19\u00a0h. Chaque spectateur recevra \u00e9galement gratuitement le programme du match (16 pages). Et \u00e0 l\u2019entr\u00e9e des trois tribunes, il lui sera propos\u00e9 une tombola (2\u00a0\u20ac le ticket) avec comme lots, un maillot de chaque \u00e9quipe et des ballons d\u00e9dicac\u00e9s. Le tirage au sort sera effectu\u00e9 \u00e0 la mi-temps.<\/p>\n<p>\u00ab\u00a0Une boutique du Racc sera \u00e9galement pr\u00e9sente aux entr\u00e9es avec marini\u00e8res rouges et blanches, polos, casquettes, bobs et chapeaux de paille aux couleurs du club\u00a0\u00bb, pr\u00e9cise le pr\u00e9sident qui met\u00a0\u00e0 disposition les arbitres du match et ses deux kin\u00e9sith\u00e9rapeutes.<\/p>\n<p>Les jeunes seront bien \u00e9videmment associ\u00e9s \u00e0 la f\u00eate\u00a0: les enfants de l\u2019\u00e9cole de rugby feront la haie d\u2019honneur \u00e0 l\u2019entr\u00e9e des joueurs sur la pelouse et deux joueurs de moins de 14\u00a0ans de chaque club de l\u2019Indre (Ch\u00e2teauroux, Issoudun, La Ch\u00e2tre, Buzan\u00e7ais, Argenton, Le Blanc et D\u00e9ols) feront les ramasseurs de balle.<\/p>\n<p>Huit mois de pr\u00e9paration<\/p>\n<p>\u00ab\u00a0On a voulu \u00e9galement faire de cet \u00e9v\u00e9nement un rendez-vous festif, souligne Nicolas Bandaly. Ainsi, d\u00e8s la fin du match, une bodega gratuite sera install\u00e9e jusqu\u2019\u00e0 1\u00a0h du matin au pied de la tribune Ville de Ch\u00e2teauroux pour tous les spectateurs en possession de leur billet du match quelle que soit leur tribune.\u00a0\u00bb La jauge maximale sera de 6.000 personnes.<\/p>\n<p>Cette soir\u00e9e aura n\u00e9cessit\u00e9 huit mois de travail et de collaboration entre le Racc, la ville de Ch\u00e2teauroux, le Stade Fran\u00e7ais et le Racing 92\u00a0; et il va mobiliser une centaine de b\u00e9n\u00e9voles (80 du RACC et 20 de la municipalit\u00e9) pour toute la logistique.<\/p>\n<p>Samedi 23\u00a0ao\u00fbt 2025, stade Gaston-Petit. Prix des places\u00a0: tribune ville de Ch\u00e2teauroux, 27\u00a0\u20ac\u00a0; Parashop (ex-Intermarch\u00e9), 17\u00a0\u20ac\u00a0; Conseil d\u00e9partemental de l\u2019Indre, 10\u00a0\u20ac.<\/p>\n<p><strong>Les jeunes du Stade Fran\u00e7ais en stage au Racc<\/strong><\/p>\n<p>Le RACC recevra sur ses installations du stade des Chevaliers cet \u00e9t\u00e9, comme la saison derni\u00e8re, les \u00e9quipes jeunes du Stade Fran\u00e7ais Paris (U16, U18, U18 f\u00e9minines) en stage de pr\u00e9saison, du lundi 18\u00a0ao\u00fbt au dimanche 31\u00a0ao\u00fbt. Cela s\u2019inscrit dans le partenariat global entre les deux clubs qui entretiennent d\u2019excellentes relations.<\/p>\n","protected":false},"excerpt":{"rendered":"Pour les retardataires, il va falloir se d\u00e9p\u00eacher\u00a0! Alors que nous sommes \u00e0 dix jours du match et&hellip;\n","protected":false},"author":2,"featured_media":317237,"comment_status":"","ping_status":"","sticky":false,"template":"","format":"standard","meta":{"footnotes":""},"categories":[1888],"tags":[1392,1111,1928,11,1927,4351,1777,674,1011,27,5052,12,1926,626,1925,25,479,45556,60,478],"class_list":{"0":"post-317236","1":"post","2":"type-post","3":"status-publish","4":"format-standard","5":"has-post-thumbnail","7":"category-paris","8":"tag-a-la-une-local","9":"tag-actu","10":"tag-actu-paris","11":"tag-actualites","12":"tag-actualites-paris","13":"tag-chateauroux","14":"tag-eu","15":"tag-europe","16":"tag-fr","17":"tag-france","18":"tag-indre","19":"tag-news","20":"tag-news-paris","21":"tag-paris","22":"tag-paris-news","23":"tag-republique-francaise","24":"tag-rugby","25":"tag-rugby-athletique-club-castelroussin","26":"tag-sports","27":"tag-top-14"},"share_on_mastodon":{"url":"https:\/\/pubeurope.com\/@fr\/115023761026800002","error":""},"_links":{"self":[{"href":"https:\/\/www.europesays.com\/fr\/wp-json\/wp\/v2\/posts\/317236","targetHints":{"allow":["GET"]}}],"collection":[{"href":"https:\/\/www.europesays.com\/fr\/wp-json\/wp\/v2\/posts"}],"about":[{"href":"https:\/\/www.europesays.com\/fr\/wp-json\/wp\/v2\/types\/post"}],"author":[{"embeddable":true,"href":"https:\/\/www.europesays.com\/fr\/wp-json\/wp\/v2\/users\/2"}],"replies":[{"embeddable":true,"href":"https:\/\/www.europesays.com\/fr\/wp-json\/wp\/v2\/comments?post=317236"}],"version-history":[{"count":0,"href":"https:\/\/www.europesays.com\/fr\/wp-json\/wp\/v2\/posts\/317236\/revisions"}],"wp:featuredmedia":[{"embeddable":true,"href":"https:\/\/www.europesays.com\/fr\/wp-json\/wp\/v2\/media\/317237"}],"wp:attachment":[{"href":"https:\/\/www.europesays.com\/fr\/wp-json\/wp\/v2\/media?parent=317236"}],"wp:term":[{"taxonomy":"category","embeddable":true,"href":"https:\/\/www.europesays.com\/fr\/wp-json\/wp\/v2\/categories?post=317236"},{"taxonomy":"post_tag","embeddable":true,"href":"https:\/\/www.europesays.com\/fr\/wp-json\/wp\/v2\/tags?post=317236"}],"curies":[{"name":"wp","href":"https:\/\/api.w.org\/{rel}","templated":true}]}}