{"id":317242,"date":"2025-08-13T22:16:21","date_gmt":"2025-08-13T22:16:21","guid":{"rendered":"https:\/\/www.europesays.com\/fr\/317242\/"},"modified":"2025-08-13T22:16:21","modified_gmt":"2025-08-13T22:16:21","slug":"trump-menace-la-russie-de-tres-graves-consequences-si-poutine-ne-met-pas-fin-a-la-guerre","status":"publish","type":"post","link":"https:\/\/www.europesays.com\/fr\/317242\/","title":{"rendered":"Trump menace la Russie de \u00ab tr\u00e8s graves cons\u00e9quences \u00bb si Poutine ne met pas fin \u00e0 la guerre."},"content":{"rendered":"<p>La Russie s&rsquo;exposera \u00e0 de \u00ab tr\u00e8s graves cons\u00e9quences \u00bb si elle ne met pas fin \u00e0 la guerre en Ukraine, \u00e0 l&rsquo;issue d&rsquo;une r\u00e9union entre les dirigeants des \u00c9tats-Unis et de la Russie vendredi en Alaska.<\/p>\n<p style=\"text-align: justify;\">Le pr\u00e9sident am\u00e9ricain Donald Trump a fait cette d\u00e9claration mercredi lors d&rsquo;un discours au Kennedy Center \u00e0 Washington, selon son correspondant \u00e0 Ukrinform.<\/p>\n<p style=\"text-align: justify;\">\u00ab Il y aura de tr\u00e8s graves cons\u00e9quences \u00bb, a d\u00e9clar\u00e9 M. Trump \u00e0 ce sujet.<\/p>\n<p style=\"text-align: justify;\">Pri\u00e9 de pr\u00e9ciser s&rsquo;il parlait de sanctions ou de droits de douane, le pr\u00e9sident am\u00e9ricain a r\u00e9pondu qu&rsquo;il n&rsquo;en parlerait pas maintenant.<\/p>\n<p style=\"text-align: justify;\">Comme le rapporte Ukrinform, le pr\u00e9sident am\u00e9ricain Donald Trump et le dirigeant russe Vladimir Poutine doivent se rencontrer le 15 ao\u00fbt en Alaska.<\/p>\n<p style=\"text-align: justify;\">Avant cette r\u00e9union, les dirigeants de l&rsquo;UE ont sign\u00e9 une d\u00e9claration de soutien \u00e0 l&rsquo;Ukraine, \u00e0 laquelle la Hongrie n&rsquo;a pas adh\u00e9r\u00e9. Les dirigeants de l&rsquo;UE ont soulign\u00e9 que la voie vers une paix juste et durable ne peut \u00eatre trac\u00e9e sans la participation de l&rsquo;Ukraine elle-m\u00eame.<\/p>\n<p style=\"text-align: justify;\">Photo\u00a0: Maison Blanche<\/p>\n","protected":false},"excerpt":{"rendered":"La Russie s&rsquo;exposera \u00e0 de \u00ab tr\u00e8s graves cons\u00e9quences \u00bb si elle ne met pas fin \u00e0 la&hellip;\n","protected":false},"author":2,"featured_media":317243,"comment_status":"","ping_status":"","sticky":false,"template":"","format":"standard","meta":{"footnotes":""},"categories":[1591],"tags":[11,1887,12,1885,1886,132],"class_list":{"0":"post-317242","1":"post","2":"type-post","3":"status-publish","4":"format-standard","5":"has-post-thumbnail","7":"category-russie","8":"tag-actualites","9":"tag-federation-de-russie","10":"tag-news","11":"tag-russia","12":"tag-russian-federation","13":"tag-russie"},"share_on_mastodon":{"url":"https:\/\/pubeurope.com\/@fr\/115023772655693104","error":""},"_links":{"self":[{"href":"https:\/\/www.europesays.com\/fr\/wp-json\/wp\/v2\/posts\/317242","targetHints":{"allow":["GET"]}}],"collection":[{"href":"https:\/\/www.europesays.com\/fr\/wp-json\/wp\/v2\/posts"}],"about":[{"href":"https:\/\/www.europesays.com\/fr\/wp-json\/wp\/v2\/types\/post"}],"author":[{"embeddable":true,"href":"https:\/\/www.europesays.com\/fr\/wp-json\/wp\/v2\/users\/2"}],"replies":[{"embeddable":true,"href":"https:\/\/www.europesays.com\/fr\/wp-json\/wp\/v2\/comments?post=317242"}],"version-history":[{"count":0,"href":"https:\/\/www.europesays.com\/fr\/wp-json\/wp\/v2\/posts\/317242\/revisions"}],"wp:featuredmedia":[{"embeddable":true,"href":"https:\/\/www.europesays.com\/fr\/wp-json\/wp\/v2\/media\/317243"}],"wp:attachment":[{"href":"https:\/\/www.europesays.com\/fr\/wp-json\/wp\/v2\/media?parent=317242"}],"wp:term":[{"taxonomy":"category","embeddable":true,"href":"https:\/\/www.europesays.com\/fr\/wp-json\/wp\/v2\/categories?post=317242"},{"taxonomy":"post_tag","embeddable":true,"href":"https:\/\/www.europesays.com\/fr\/wp-json\/wp\/v2\/tags?post=317242"}],"curies":[{"name":"wp","href":"https:\/\/api.w.org\/{rel}","templated":true}]}}