{"id":317244,"date":"2025-08-13T22:17:16","date_gmt":"2025-08-13T22:17:16","guid":{"rendered":"https:\/\/www.europesays.com\/fr\/317244\/"},"modified":"2025-08-13T22:17:16","modified_gmt":"2025-08-13T22:17:16","slug":"guerre-en-ukraine-pour-la-premiere-fois-laide-militaire-europeenne-depasse-celle-des-etats-unis","status":"publish","type":"post","link":"https:\/\/www.europesays.com\/fr\/317244\/","title":{"rendered":"Guerre en Ukraine : pour la premi\u00e8re fois, l&rsquo;aide militaire europ\u00e9enne d\u00e9passe celle des \u00c9tats-Unis"},"content":{"rendered":"<p>\tGuerre en Ukraine : pour la premi\u00e8re fois, l&rsquo;aide militaire europ\u00e9enne d\u00e9passe celle des \u00c9tats-Unis &#8211; Touteleurope.eu<\/p>\n<p>\t\t<img decoding=\"async\" alt=\"fermer\" class=\"close-info\" src=\"https:\/\/www.touteleurope.eu\/wp-content\/themes\/toute_leurope\/assets\/images\/close-picto-blue.svg\"\/><\/p>\n<p>Touteleurope.eu est le site p\u00e9dagogique de r\u00e9f\u00e9rence sur les questions europ\u00e9ennes : <a href=\"https:\/\/www.touteleurope.eu\/qui-sommes-nous\/\" target=\"_blank\" rel=\"noopener\">Qui sommes-nous ?<\/a><\/p>\n<p><img decoding=\"async\" class=\"logo-pdf\" alt=\"Toute L'Europe \u2013 Comprendre l'Europe\" src=\"https:\/\/www.touteleurope.eu\/wp-content\/themes\/toute_leurope\/assets\/images\/logo-ttl.svg\"\/><\/p>\n","protected":false},"excerpt":{"rendered":"Guerre en Ukraine : pour la premi\u00e8re fois, l&rsquo;aide militaire europ\u00e9enne d\u00e9passe celle des \u00c9tats-Unis &#8211; Touteleurope.eu Touteleurope.eu&hellip;\n","protected":false},"author":2,"featured_media":317245,"comment_status":"","ping_status":"","sticky":false,"template":"","format":"standard","meta":{"footnotes":""},"categories":[1590],"tags":[11,2196,554,73,1777,674,2499,12,132,220],"class_list":{"0":"post-317244","1":"post","2":"type-post","3":"status-publish","4":"format-standard","5":"has-post-thumbnail","7":"category-ukraine","8":"tag-actualites","9":"tag-commission-europeenne","10":"tag-defense","11":"tag-etats-unis","12":"tag-eu","13":"tag-europe","14":"tag-europe-de-la-defense","15":"tag-news","16":"tag-russie","17":"tag-ukraine"},"share_on_mastodon":{"url":"https:\/\/pubeurope.com\/@fr\/115023776717106023","error":""},"_links":{"self":[{"href":"https:\/\/www.europesays.com\/fr\/wp-json\/wp\/v2\/posts\/317244","targetHints":{"allow":["GET"]}}],"collection":[{"href":"https:\/\/www.europesays.com\/fr\/wp-json\/wp\/v2\/posts"}],"about":[{"href":"https:\/\/www.europesays.com\/fr\/wp-json\/wp\/v2\/types\/post"}],"author":[{"embeddable":true,"href":"https:\/\/www.europesays.com\/fr\/wp-json\/wp\/v2\/users\/2"}],"replies":[{"embeddable":true,"href":"https:\/\/www.europesays.com\/fr\/wp-json\/wp\/v2\/comments?post=317244"}],"version-history":[{"count":0,"href":"https:\/\/www.europesays.com\/fr\/wp-json\/wp\/v2\/posts\/317244\/revisions"}],"wp:featuredmedia":[{"embeddable":true,"href":"https:\/\/www.europesays.com\/fr\/wp-json\/wp\/v2\/media\/317245"}],"wp:attachment":[{"href":"https:\/\/www.europesays.com\/fr\/wp-json\/wp\/v2\/media?parent=317244"}],"wp:term":[{"taxonomy":"category","embeddable":true,"href":"https:\/\/www.europesays.com\/fr\/wp-json\/wp\/v2\/categories?post=317244"},{"taxonomy":"post_tag","embeddable":true,"href":"https:\/\/www.europesays.com\/fr\/wp-json\/wp\/v2\/tags?post=317244"}],"curies":[{"name":"wp","href":"https:\/\/api.w.org\/{rel}","templated":true}]}}