{"id":317246,"date":"2025-08-13T22:18:13","date_gmt":"2025-08-13T22:18:13","guid":{"rendered":"https:\/\/www.europesays.com\/fr\/317246\/"},"modified":"2025-08-13T22:18:13","modified_gmt":"2025-08-13T22:18:13","slug":"aujourdhui-dans-24h-meliyi-etats-unis-yacht-a-300-millions-le-hold-up-de-washington","status":"publish","type":"post","link":"https:\/\/www.europesays.com\/fr\/317246\/","title":{"rendered":"Aujourd&rsquo;hui dans 24H Meliyi : Etats-Unis &#8211; Yacht \u00e0 300 millions $ : le hold-up de Washington"},"content":{"rendered":"<ul class=\"jsx-862013697 ArticleChapo__List\">\n<li class=\"jsx-862013697 ArticleChapo__List_Item flex\">REPLAY 24H :  Au sommaire du mercredi 13 ao\u00fbt 2025 : Etats-Unis &#8211; Yacht \u00e0 300 millions $ : le hold-up de Washington. Diplomatie &#8211; Face \u00e0 Trump et Poutine, l&rsquo;Europe au pied du mur. International &#8211; Guerre : Trump a trouv\u00e9 la faille de Poutine.<\/li>\n<\/ul>\n<p data-module=\"article-paragraph\" class=\"jsx-3046738180 Paragraph\"><strong>Le Club <\/strong>:<\/p>\n<p data-module=\"article-paragraph\" class=\"jsx-3046738180 Paragraph\"><strong>Marc Semo<\/strong> &#8211; Journaliste sp\u00e9cialis\u00e9 dans les questions internationales, collaborateur au Monde et \u00e0 Challenges<\/p>\n<p data-module=\"article-paragraph\" class=\"jsx-3046738180 Paragraph\"><strong>Patrice Moyon<\/strong> &#8211; Editorialiste Ouest France et grand reporter<\/p>\n<p data-module=\"article-paragraph\" class=\"jsx-3046738180 Paragraph\"><strong>Elizabeth Sheppard-Sellam<\/strong> &#8211; Ma\u00eetresse de Conf\u00e9rences et Directrice du Programme Politiques et Relations Internationales \u00e0 l&rsquo;Universit\u00e9 de Tours, sp\u00e9cialis\u00e9e en politiques de d\u00e9fense et s\u00e9curit\u00e9<\/p>\n<p data-module=\"article-paragraph\" class=\"jsx-3046738180 Paragraph\"><strong>Christine Dugoin-Cl\u00e9ment<\/strong> &#8211; Chercheuse en g\u00e9opolitique pour la chaire \u00ab normes et risques \u00bb \u00e0 l&rsquo;IAE Paris-Sorbonne Business School<\/p>\n<p data-module=\"article-paragraph\" class=\"jsx-3046738180 Paragraph Paragraph__End\"><strong>Matthieu Desmoulins<\/strong> &#8211; Journaliste politique TF1\/LCI<\/p>\n<p>Elias AMAROUCHE<\/p>\n","protected":false},"excerpt":{"rendered":"REPLAY 24H : Au sommaire du mercredi 13 ao\u00fbt 2025 : Etats-Unis &#8211; Yacht \u00e0 300 millions $&hellip;\n","protected":false},"author":2,"featured_media":97173,"comment_status":"","ping_status":"","sticky":false,"template":"","format":"standard","meta":{"footnotes":""},"categories":[1589],"tags":[1111,5926,11,5925,73,1866,1922,14,12,2543,1864,1865,1863,308],"class_list":{"0":"post-317246","1":"post","2":"type-post","3":"status-publish","4":"format-standard","5":"has-post-thumbnail","7":"category-etats-unis","8":"tag-actu","9":"tag-actualite-international","10":"tag-actualites","11":"tag-conflits-et-guerre","12":"tag-etats-unis","13":"tag-etats-unis-damerique","14":"tag-info","15":"tag-international","16":"tag-news","17":"tag-relations-internationales","18":"tag-united-states","19":"tag-united-states-of-america","20":"tag-us","21":"tag-usa"},"share_on_mastodon":{"url":"https:\/\/pubeurope.com\/@fr\/115023780581636069","error":""},"_links":{"self":[{"href":"https:\/\/www.europesays.com\/fr\/wp-json\/wp\/v2\/posts\/317246","targetHints":{"allow":["GET"]}}],"collection":[{"href":"https:\/\/www.europesays.com\/fr\/wp-json\/wp\/v2\/posts"}],"about":[{"href":"https:\/\/www.europesays.com\/fr\/wp-json\/wp\/v2\/types\/post"}],"author":[{"embeddable":true,"href":"https:\/\/www.europesays.com\/fr\/wp-json\/wp\/v2\/users\/2"}],"replies":[{"embeddable":true,"href":"https:\/\/www.europesays.com\/fr\/wp-json\/wp\/v2\/comments?post=317246"}],"version-history":[{"count":0,"href":"https:\/\/www.europesays.com\/fr\/wp-json\/wp\/v2\/posts\/317246\/revisions"}],"wp:featuredmedia":[{"embeddable":true,"href":"https:\/\/www.europesays.com\/fr\/wp-json\/wp\/v2\/media\/97173"}],"wp:attachment":[{"href":"https:\/\/www.europesays.com\/fr\/wp-json\/wp\/v2\/media?parent=317246"}],"wp:term":[{"taxonomy":"category","embeddable":true,"href":"https:\/\/www.europesays.com\/fr\/wp-json\/wp\/v2\/categories?post=317246"},{"taxonomy":"post_tag","embeddable":true,"href":"https:\/\/www.europesays.com\/fr\/wp-json\/wp\/v2\/tags?post=317246"}],"curies":[{"name":"wp","href":"https:\/\/api.w.org\/{rel}","templated":true}]}}