{"id":317247,"date":"2025-08-13T22:19:24","date_gmt":"2025-08-13T22:19:24","guid":{"rendered":"https:\/\/www.europesays.com\/fr\/317247\/"},"modified":"2025-08-13T22:19:24","modified_gmt":"2025-08-13T22:19:24","slug":"522-arrestations-lors-dune-manifestation-a-londres-en-soutien-au-groupe-interdit-palestine-action","status":"publish","type":"post","link":"https:\/\/www.europesays.com\/fr\/317247\/","title":{"rendered":"522\u00a0arrestations lors d\u2019une manifestation \u00e0 Londres en soutien au groupe interdit Palestine Action"},"content":{"rendered":"<p>                          <img loading=\"lazy\" decoding=\"async\" src=\"https:\/\/www.europesays.com\/fr\/wp-content\/uploads\/2025\/08\/31c98b0_ftp-import-images-1-pdei6tyd0h1p-5599748-01-06.jpg\" alt=\"Un manifestant est emmen\u00e9 par la police lors d\u2019une mobilisation en soutien \u00e0 la Palestine, \u00e0 Londres, le 9\u00a0ao\u00fbt\u00a02025.\"   width=\"664\" height=\"443\"\/>    Un manifestant est emmen\u00e9 par la police lors d\u2019une mobilisation en soutien \u00e0 la Palestine, \u00e0 Londres, le 9\u00a0ao\u00fbt\u00a02025.  HENRY NICHOLLS\/AFP                          <\/p>\n<p class=\"article__paragraph  \">Un total de 522\u00a0partisans de l\u2019organisation Palestine Action ont \u00e9t\u00e9 arr\u00eat\u00e9s \u00e0 Londres, samedi 9\u00a0ao\u00fbt, lors d\u2019une manifestation de soutien \u00e0 ce r\u00e9seau propalestinien, interdit depuis le d\u00e9but de juillet car class\u00e9 comme \u00ab\u00a0organisation terroriste\u00a0\u00bb.<\/p>\n<p class=\"article__paragraph  \">\u00ab\u00a0La grande majorit\u00e9 des arrestations ont eu lieu pour avoir affich\u00e9 un objet (dans ce cas une pancarte) en soutien \u00e0 une organisation proscrite (dans ce cas Palestine Action), en violation de l\u2019article\u00a013 de la loi antiterroriste de 2000\u00a0\u00bb, \u00e9crit la police londonienne dans un communiqu\u00e9. Ce chiffre est l\u2019un des plus \u00e9lev\u00e9s jamais enregistr\u00e9s lors d\u2019une manifestation dans la capitale britannique.<\/p>\n<p class=\"article__paragraph  \">Samedi, plusieurs centaines de personnes se sont rassembl\u00e9es dans le centre de Londres, non loin du Parlement, en soutien \u00e0 l\u2019organisation. A l\u2019appel du groupe Defend Our Juries, les manifestants ont brandi la pancarte interdite \u00ab\u00a0Je m\u2019oppose au g\u00e9nocide, je soutiens Palestine Action\u00a0\u00bb. Un total de 521 personnes ont \u00e9t\u00e9 arr\u00eat\u00e9es sur place. Une autre arrestation a eu lieu dans une manifestation de soutien \u00e0 Gaza qui s\u2019est d\u00e9roul\u00e9e le m\u00eame jour dans un autre endroit de la capitale.<\/p>\n<p class=\"article__paragraph  \">En outre, la police dit avoir proc\u00e9d\u00e9 \u00e0 dix arrestations suppl\u00e9mentaires pour des agressions contre des policiers ou pour obstruction. Elle pr\u00e9cise que l\u2019\u00e2ge moyen des personnes arr\u00eat\u00e9es est de 54\u00a0ans et qu\u2019il y avait autant de femmes que d\u2019hommes. \u00ab\u00a0Au cours des prochains jours et semaines, les agents du commandement antiterroriste de la police m\u00e9tropolitaine travailleront \u00e0 constituer les dossiers n\u00e9cessaires pour engager des poursuites contre les personnes arr\u00eat\u00e9es\u00a0\u00bb, pr\u00e9cise le communiqu\u00e9.<\/p>\n<p>                                       Lire aussi |  Article r\u00e9serv\u00e9 \u00e0 nos abonn\u00e9s  <a href=\"https:\/\/www.lemonde.fr\/international\/article\/2025\/06\/23\/au-royaume-uni-le-gouvernement-veut-interdire-une-association-propalestinienne-au-titre-de-la-loi-antiterroriste_6615491_3210.html\" class=\"js-article-read-also catcher--favoris__link\" data-premium=\"1\" id=\"article-title-3428419\" rel=\"nofollow noopener\" target=\"_blank\">Au Royaume-Uni, le gouvernement veut interdire une association propalestinienne au titre de la loi antiterroriste<\/a>    <\/p>\n<p>   Lire plus tard  <\/p>\n<p>                          Jusqu\u2019\u00e0 six mois de prison                    <\/p>\n<p class=\"article__paragraph  \">La police avait indiqu\u00e9 samedi avoir arr\u00eat\u00e9 toutes les personnes ayant brandi cette m\u00eame pancarte lors de la manifestation. Sur place, d\u2019autres pancartes \u00e9taient visibles, comme \u00ab\u00a0Agir contre le g\u00e9nocide n\u2019est pas un crime\u00a0\u00bb ou \u00ab\u00a0Free Palestine\u00a0\u00bb, ainsi que de nombreux drapeaux palestiniens.<\/p>\n<p class=\"article__paragraph  \">\u00ab\u00a0Qu\u2019ils nous arr\u00eatent tous\u00a0\u00bb, a t\u00e9moign\u00e9 \u00e0 l\u2019Agence France-Presse (AFP) Richard Bull, un Londonien de 42\u00a0ans dans un fauteuil roulant. \u00ab\u00a0Ce gouvernement est all\u00e9 trop loin. Je n\u2019ai rien \u00e0 me reprocher.\u00a0\u00bb \u00ab\u00a0C\u2019est un imp\u00e9ratif moral d\u2019\u00eatre ici\u00a0\u00bb, a d\u00e9clar\u00e9 \u00e0 l\u2019AFP, sous couvert d\u2019anonymat, une septuag\u00e9naire venue sp\u00e9cialement de Bristol, \u00e0 l\u2019ouest de Londres, assise aux c\u00f4t\u00e9s d\u2019autres manifestants avec la pancarte soutenant le groupe interdit. \u00ab\u00a0S\u2019ils veulent m\u2019arr\u00eater, je ne m\u2019enfuirai pas et je ne me cacherai pas.\u00a0\u00bb<\/p>\n<p class=\"article__paragraph  \">La police avait mis en garde les participants contre les \u00ab\u00a0potentielles cons\u00e9quences p\u00e9nales\u00a0\u00bb de leurs actes. Les personnes arr\u00eat\u00e9es n\u2019ont pas oppos\u00e9 de r\u00e9sistance, beaucoup formant un \u00ab\u00a0V\u00a0\u00bb de la victoire avec leurs doigts, sous les applaudissements d\u2019autres manifestants.<\/p>\n<p class=\"article__paragraph  \"><a href=\"https:\/\/www.lemonde.fr\/international\/article\/2025\/07\/12\/a-londres-de-nouvelles-arrestations-de-soutiens-du-groupe-interdit-palestine-action_6620890_3210.html\" rel=\"nofollow noopener\" target=\"_blank\">Plus de 200\u00a0partisans avaient d\u00e9j\u00e0 \u00e9t\u00e9 interpell\u00e9s avant la manifestation de samedi<\/a>, selon Tim Crosland, un repr\u00e9sentant de Defend Our Juries. Trois personnes ont \u00e9t\u00e9 mises en examen en vertu de la loi antiterroriste, jeudi, pour avoir exprim\u00e9 leur soutien au mouvement, une infraction passible de jusqu\u2019\u00e0 six mois de prison. L\u2019appartenance \u00e0 un groupe interdit ou l\u2019incitation \u00e0 le soutenir peut, elle, valoir jusqu\u2019\u00e0 quatorze ans de prison.<\/p>\n<p>                    Une interdiction jug\u00e9e \u00ab\u00a0disproportionn\u00e9e\u00a0\u00bb par l\u2019ONU                    <\/p>\n<p class=\"article__paragraph  \">L\u2019association Palestine Action a \u00e9t\u00e9 ajout\u00e9e au d\u00e9but de juillet \u00e0 la liste des organisations consid\u00e9r\u00e9es comme \u00ab\u00a0terroristes\u00a0\u00bb au Royaume-Uni, apr\u00e8s des actes de vandalisme perp\u00e9tr\u00e9s par ses militants, notamment sur une base de l\u2019arm\u00e9e de l\u2019air. Cette interdiction a \u00e9t\u00e9 jug\u00e9e \u00ab\u00a0disproportionn\u00e9e\u00a0\u00bb par l\u2019ONU. Des experts des Nations unies avaient estim\u00e9 que \u00ab\u00a0de simples dommages mat\u00e9riels, sans mise en danger de la vie d\u2019autrui, ne sont pas suffisamment graves pour \u00eatre qualifi\u00e9s de terrorisme\u00a0\u00bb.<\/p>\n<p> Le Monde M\u00e9morable  <\/p>\n<p> <a href=\"https:\/\/www.lemonde.fr\/memorable\/?rfextension=inread\" class=\"inread__link js-services-inread-link\" target=\"_blank\" rel=\"nofollow noopener\">  <\/p>\n<p>Testez votre culture g\u00e9n\u00e9rale avec la r\u00e9daction du \u00ab Monde \u00bb<\/p>\n<p>Testez votre culture g\u00e9n\u00e9rale avec la r\u00e9daction du \u00ab Monde \u00bb<\/p>\n<p>D\u00e9couvrir<\/p>\n<p> <\/a>      <\/p>\n<p> Newsletter  <\/p>\n<p> <a href=\"https:\/\/www.lemonde.fr\/newsletters\/a-la-une\/\" class=\"inread__link js-services-inread-link\" target=\"_blank\" rel=\"nofollow noopener\">  <\/p>\n<p>\u00ab A la une \u00bb<\/p>\n<p>Chaque matin, parcourez l&rsquo;essentiel de l&rsquo;actualit\u00e9 du jour avec les derniers titres du \u00ab Monde \u00bb<\/p>\n<p>S&rsquo;inscrire<\/p>\n<p> <\/a>          <\/p>\n<p> Le Monde Application  <\/p>\n<p> <a href=\"https:\/\/lamatinale.onelink.me\/gKMy\/ahw2ubr3\" class=\"inread__link js-services-inread-link\" target=\"_blank\" rel=\"nofollow noopener\">  <\/p>\n<p>La Matinale du Monde<\/p>\n<p>Chaque matin, retrouvez notre s\u00e9lection de 20 articles \u00e0 ne pas manquer <\/p>\n<p>T\u00e9l\u00e9charger l&rsquo;application<\/p>\n<p> <\/a>      <\/p>\n<p> Newsletter abonn\u00e9s  <\/p>\n<p> <a href=\"https:\/\/www.lemonde.fr\/newsletters\/international\/\" class=\"inread__link js-services-inread-link\" target=\"_blank\" rel=\"nofollow noopener\">  <\/p>\n<p>\u00ab International \u00bb<\/p>\n<p>L\u2019essentiel de l\u2019actualit\u00e9 internationale de la semaine<\/p>\n<p>S&rsquo;inscrire<\/p>\n<p> <\/a>             <\/p>\n<p class=\"article__paragraph  \">Le groupe Defend Our Juries organise depuis des manifestations pour protester contre cette interdiction. \u00ab\u00a0Nous continuerons tant que le gouvernement tentera de faire taire ceux qui d\u00e9noncent sa complicit\u00e9 dans des crimes de guerre, a r\u00e9agi Defend Our Juries dans un communiqu\u00e9. Nous sommes d\u00e9j\u00e0 de plus en plus nombreux \u00e0 nous pr\u00e9parer pour la prochaine vague d\u2019actions en septembre.\u00a0\u00bb<\/p>\n<p class=\"article__paragraph  \">\u00ab\u00a0L\u2019arrestation de manifestants par ailleurs pacifiques constitue une violation des obligations internationales du Royaume-Uni de prot\u00e9ger les droits \u00e0 la libert\u00e9 d\u2019expression et de r\u00e9union\u00a0\u00bb, a d\u00e9nonc\u00e9 l\u2019ONG Amnesty International samedi sur X.<\/p>\n<p class=\"article__paragraph  \">Le gouvernement britannique affirme que les sympathisants \u00ab\u00a0ne connaissent pas la vraie nature\u00a0\u00bb de Palestine Action. \u00ab\u00a0Ce n\u2019est pas une organisation non violente\u00a0\u00bb, a assur\u00e9 la ministre de l\u2019int\u00e9rieur, Yvette Cooper, disant disposer d\u2019\u00ab\u00a0informations inqui\u00e9tantes\u00a0\u00bb sur ses projets.<\/p>\n<p class=\"article__paragraph  \">L\u2019interdiction fait l\u2019objet d\u2019une action en justice, lanc\u00e9e par Huda Ammori, cofondatrice en\u00a02020 de ce groupe qui se pr\u00e9sentait comme un \u00ab\u00a0r\u00e9seau d\u2019action directe\u00a0\u00bb visant \u00e0 d\u00e9noncer \u00ab\u00a0la complicit\u00e9 britannique\u00a0\u00bb avec l\u2019Etat d\u2019Isra\u00ebl, en particulier sur la question des ventes d\u2019armes.<\/p>\n<p>                                       Lire aussi |  Article r\u00e9serv\u00e9 \u00e0 nos abonn\u00e9s  <a href=\"https:\/\/www.lemonde.fr\/societe\/article\/2025\/05\/09\/les-motivations-parfois-tenues-de-beauvau-pour-justifier-la-dissolution-du-collectif-urgence-palestine_6604247_3224.html\" class=\"js-article-read-also catcher--favoris__link\" data-premium=\"1\" id=\"article-title-3421637\" rel=\"nofollow noopener\" target=\"_blank\">Les motivations parfois vagues du gouvernement pour justifier la dissolution du collectif Urgence Palestine<\/a>    <\/p>\n<p>   Lire plus tard  <\/p>\n<p class=\"author__detail\">  Le Monde avec AFP  <\/p>\n","protected":false},"excerpt":{"rendered":"Un manifestant est emmen\u00e9 par la police lors d\u2019une mobilisation en soutien \u00e0 la Palestine, \u00e0 Londres, le&hellip;\n","protected":false},"author":2,"featured_media":307653,"comment_status":"","ping_status":"","sticky":false,"template":"","format":"standard","meta":{"footnotes":""},"categories":[1588],"tags":[11,1777,674,12,473,1853,1851,1850,1852],"class_list":{"0":"post-317247","1":"post","2":"type-post","3":"status-publish","4":"format-standard","5":"has-post-thumbnail","7":"category-royaume-uni","8":"tag-actualites","9":"tag-eu","10":"tag-europe","11":"tag-news","12":"tag-royaume-uni","13":"tag-royaume-uni-de-grande-bretagne-et-dirlande-du-nord","14":"tag-uk","15":"tag-united-kingdom","16":"tag-united-kingdom-of-great-britain-and-northern-ireland"},"share_on_mastodon":{"url":"https:\/\/pubeurope.com\/@fr\/115023784502835392","error":""},"_links":{"self":[{"href":"https:\/\/www.europesays.com\/fr\/wp-json\/wp\/v2\/posts\/317247","targetHints":{"allow":["GET"]}}],"collection":[{"href":"https:\/\/www.europesays.com\/fr\/wp-json\/wp\/v2\/posts"}],"about":[{"href":"https:\/\/www.europesays.com\/fr\/wp-json\/wp\/v2\/types\/post"}],"author":[{"embeddable":true,"href":"https:\/\/www.europesays.com\/fr\/wp-json\/wp\/v2\/users\/2"}],"replies":[{"embeddable":true,"href":"https:\/\/www.europesays.com\/fr\/wp-json\/wp\/v2\/comments?post=317247"}],"version-history":[{"count":0,"href":"https:\/\/www.europesays.com\/fr\/wp-json\/wp\/v2\/posts\/317247\/revisions"}],"wp:featuredmedia":[{"embeddable":true,"href":"https:\/\/www.europesays.com\/fr\/wp-json\/wp\/v2\/media\/307653"}],"wp:attachment":[{"href":"https:\/\/www.europesays.com\/fr\/wp-json\/wp\/v2\/media?parent=317247"}],"wp:term":[{"taxonomy":"category","embeddable":true,"href":"https:\/\/www.europesays.com\/fr\/wp-json\/wp\/v2\/categories?post=317247"},{"taxonomy":"post_tag","embeddable":true,"href":"https:\/\/www.europesays.com\/fr\/wp-json\/wp\/v2\/tags?post=317247"}],"curies":[{"name":"wp","href":"https:\/\/api.w.org\/{rel}","templated":true}]}}