{"id":317248,"date":"2025-08-13T22:20:10","date_gmt":"2025-08-13T22:20:10","guid":{"rendered":"https:\/\/www.europesays.com\/fr\/317248\/"},"modified":"2025-08-13T22:20:10","modified_gmt":"2025-08-13T22:20:10","slug":"euro-de-hockey-lallemagne-termine-2e-du-groupe-a-et-affrontera-les-red-panthers-en-demi-finales","status":"publish","type":"post","link":"https:\/\/www.europesays.com\/fr\/317248\/","title":{"rendered":"Euro de hockey: l&rsquo;Allemagne termine 2e du groupe A et affrontera les Red Panthers en demi-finales"},"content":{"rendered":"<p class=\"ap-StoryElement ap-StoryElement--mb ap-StoryText\">Les demi-finales se disputeront vendredi. Pays-Bas\/Espagne ouvrira le bal \u00e0 17h00. La Belgique et l&rsquo;Allemagne s&rsquo;affronteront \u00e0 20h00.<\/p>\n<p class=\"ap-StoryElement ap-StoryElement--mb ap-StoryText\">Apr\u00e8s la rencontre face \u00e0 l&rsquo;Ecosse, les Red Panthers n&rsquo;ont pas cach\u00e9 leur excitation \u00e0 l&rsquo;id\u00e9e de jouer contre le pays h\u00f4te dans un stade probablement rempli. \u00ab\u00a0Ce sera super chouette, c&rsquo;est pour pouvoir jouer des matchs comme \u00e7a qu&rsquo;on s&rsquo;entra\u00eene dur\u00a0\u00bb, a expliqu\u00e9 Ambre Ballenghien. \u00ab\u00a0Jouer l&rsquo;Allemagne dans un stade, j&rsquo;esp\u00e8re, rempli c&rsquo;est vraiment ce qu&rsquo;on a envie et ce pourquoi on s&rsquo;entra\u00eene. On a d\u00e9j\u00e0 h\u00e2te de jouer ce match.\u00a0\u00bb<\/p>\n<p class=\"ap-StoryElement ap-StoryElement--mb ap-StoryText\">Pour Justine Rasir, \u00ab\u00a0ce sera un peu comme aux Jeux, excitant et stressant, mais c&rsquo;est le genre d&rsquo;\u00e9motions qu&rsquo;on recherche dans le sport. Cela ne sera que du plaisir.\u00a0\u00bb<\/p>\n<p class=\"ap-StoryElement ap-StoryElement--mb ap-StoryText\">L&rsquo;accession de l&rsquo;\u00e9quipe d&rsquo;Espagne dans le dernier carr\u00e9 qualifie aussi les Espagnoles pour la Coupe du monde l&rsquo;an prochain qui sera organis\u00e9e aux Pays-Bas et en Belgique (\u00e0 Wavre), confirme la f\u00e9d\u00e9ration internationale de hockey (FIH).<\/p>\n<p class=\"ap-StoryElement ap-StoryElement--mb ap-StoryText\">L&rsquo;Espagne est ainsi la 6e nation \u00e0 d\u00e9crocher son billet avec, la Belgique et les Pays-Bas bien s\u00fbr, pays h\u00f4tes, mais aussi l&rsquo;Allemagne et l&rsquo;Argentine, comme laur\u00e9at des deux derni\u00e8res \u00e9ditions de la Pro League, les Etats-Unis, 2e de la Pan American Cup, mais derri\u00e8re les Argentines. Les pays victorieux de leur championnat continental en Asie, en Afrique et en Oc\u00e9anie d\u00e9termineront trois autres qualifi\u00e9s directs. Les sept autres invit\u00e9s seront convi\u00e9s \u00e0 l&rsquo;issue des qualifications l&rsquo;an prochain.<\/p>\n","protected":false},"excerpt":{"rendered":"Les demi-finales se disputeront vendredi. Pays-Bas\/Espagne ouvrira le bal \u00e0 17h00. La Belgique et l&rsquo;Allemagne s&rsquo;affronteront \u00e0 20h00.&hellip;\n","protected":false},"author":2,"featured_media":317249,"comment_status":"","ping_status":"","sticky":false,"template":"","format":"standard","meta":{"footnotes":""},"categories":[1587],"tags":[11,672,828,1804,1805,1803,1777,31257,674,1801,4488,12,45558,1802],"class_list":{"0":"post-317248","1":"post","2":"type-post","3":"status-publish","4":"format-standard","5":"has-post-thumbnail","7":"category-allemagne","8":"tag-actualites","9":"tag-allemagne","10":"tag-belgique","11":"tag-bundesrepublik-deutschland","12":"tag-de","13":"tag-deutschland","14":"tag-eu","15":"tag-euro2025","16":"tag-europe","17":"tag-germany","18":"tag-hockey","19":"tag-news","20":"tag-redpanthers","21":"tag-republique-federale-dallemagne"},"share_on_mastodon":{"url":"https:\/\/pubeurope.com\/@fr\/115023788357441088","error":""},"_links":{"self":[{"href":"https:\/\/www.europesays.com\/fr\/wp-json\/wp\/v2\/posts\/317248","targetHints":{"allow":["GET"]}}],"collection":[{"href":"https:\/\/www.europesays.com\/fr\/wp-json\/wp\/v2\/posts"}],"about":[{"href":"https:\/\/www.europesays.com\/fr\/wp-json\/wp\/v2\/types\/post"}],"author":[{"embeddable":true,"href":"https:\/\/www.europesays.com\/fr\/wp-json\/wp\/v2\/users\/2"}],"replies":[{"embeddable":true,"href":"https:\/\/www.europesays.com\/fr\/wp-json\/wp\/v2\/comments?post=317248"}],"version-history":[{"count":0,"href":"https:\/\/www.europesays.com\/fr\/wp-json\/wp\/v2\/posts\/317248\/revisions"}],"wp:featuredmedia":[{"embeddable":true,"href":"https:\/\/www.europesays.com\/fr\/wp-json\/wp\/v2\/media\/317249"}],"wp:attachment":[{"href":"https:\/\/www.europesays.com\/fr\/wp-json\/wp\/v2\/media?parent=317248"}],"wp:term":[{"taxonomy":"category","embeddable":true,"href":"https:\/\/www.europesays.com\/fr\/wp-json\/wp\/v2\/categories?post=317248"},{"taxonomy":"post_tag","embeddable":true,"href":"https:\/\/www.europesays.com\/fr\/wp-json\/wp\/v2\/tags?post=317248"}],"curies":[{"name":"wp","href":"https:\/\/api.w.org\/{rel}","templated":true}]}}