{"id":31725,"date":"2025-04-17T13:08:23","date_gmt":"2025-04-17T13:08:23","guid":{"rendered":"https:\/\/www.europesays.com\/fr\/31725\/"},"modified":"2025-04-17T13:08:23","modified_gmt":"2025-04-17T13:08:23","slug":"ils-veulent-elever-une-statue-a-josephine-le-phoque-familier-de-la-rance","status":"publish","type":"post","link":"https:\/\/www.europesays.com\/fr\/31725\/","title":{"rendered":"Ils veulent \u00e9lever une statue \u00e0 Jos\u00e9phine, le phoque familier de la Rance"},"content":{"rendered":"<p>            Par<br \/>\n        <strong><br \/>\n            <a href=\"https:\/\/actu.fr\/auteur\/journaliste-pb\" title=\"Consulter tous les articles de R\u00e9daction Dinan\" rel=\"nofollow noopener\" target=\"_blank\">R\u00e9daction Dinan<\/a><br \/>\n        <\/strong><\/p>\n<p>        Publi\u00e9 le<\/p>\n<p>            14 avr. 2025 \u00e0 18h45        <\/p>\n<p>Samedi 12 avril 2025, plusieurs habitants du secteur se sont r\u00e9unis sur la cale de Mordreuc, \u00e0 <a href=\"https:\/\/actu.fr\/bretagne\/pleudihen-sur-rance_22197\" rel=\"nofollow noopener\" target=\"_blank\">Pleudihen-sur-Rance<\/a> (C\u00f4tes-d\u2019Armor), pour partager leurs souvenirs et de cet animal devenu une v\u00e9ritable mascotte locale.<\/p>\n<p>Une histoire unique<\/p>\n<p class=\" wall-content\"><a href=\"https:\/\/actu.fr\/bretagne\/pleudihen-sur-rance_22197\/pres-de-dinan-le-phoque-josephine-vedette-de-la-rance-depuis-20-ans_35217595.html\" rel=\"nofollow noopener\" target=\"_blank\">Jos\u00e9phine, un veau marin<\/a>, avait \u00e9t\u00e9 recueillie dans les ann\u00e9es 2000 \u00e0 Jullouville, dans la Manche, avant d\u2019\u00eatre rel\u00e2ch\u00e9e dans la nature par le centre de soins d\u2019<a href=\"https:\/\/actu.fr\/tag\/oceanopolis\" rel=\"nofollow noopener\" target=\"_blank\">Oc\u00e9anopolis<\/a> \u00e0 Brest. Elle s\u2019est ensuite install\u00e9e dans l\u2019estuaire de la Rance, o\u00f9 elle a rapidement <b>attir\u00e9 l\u2019attention des habitants<\/b>.<\/p>\n<p class=\" wall-content\">\u00ab Elle \u00e9tait devenue notre quotidien \u00bb, se souvient un participant, \u00e9voquant les enfants jouant sur la plage tandis que Jos\u00e9phine restait allong\u00e9e, <b>appr\u00e9ciant la compagnie humaine<\/b>.<\/p>\n<p class=\" wall-content\">Malgr\u00e9 son caract\u00e8re sociable, Jos\u00e9phine restait <b>un animal sauvage<\/b>. \u00ab Elle a griff\u00e9 un jeune homme en l\u2019emmenant sous l\u2019eau \u00bb, rappelle un t\u00e9moin, soulignant l\u2019importance de respecter <a href=\"https:\/\/actu.fr\/bretagne\/paimpol_22162\/animaux-marins-en-bretagne-leurs-codes-pour-alerter-leurs-ruses-pour-eloigner_61452009.html\" rel=\"nofollow noopener\" target=\"_blank\">une distance de 300\u00a0m\u00e8tres avec les phoques<\/a>.<\/p>\n<p>L\u00e9gende locale<\/p>\n<p class=\" wall-content\">Jos\u00e9phine, surnomm\u00e9e <b>Florence \u00e0 ses d\u00e9buts<\/b>, \u00e9tait appr\u00e9ci\u00e9e pour sa simple pr\u00e9sence. \u00ab Cet animal a marqu\u00e9 le territoire \u00bb, confirme la biologiste marine <b>Morgane Perri<\/b>, qui a suivi le phoque avec <a href=\"https:\/\/actu.fr\/bretagne\/cancale_35049\/lassociation-al-lark-fete-ses-20-ans-a-cancale_61200078.html\" rel=\"nofollow noopener\" target=\"_blank\">l\u2019association Al Lark<\/a>.<\/p>\n<p>Vid\u00e9os : en ce moment sur Actu<br \/>\n      <img   decoding=\"async\" loading=\"lazy\" class=\"size-large\" src=\"https:\/\/www.europesays.com\/fr\/wp-content\/uploads\/2025\/04\/e8ef39b50cf76ccef39b50cf7a0ff3v-960x640.jpeg\" alt=\"Les habitants se sont retrouv\u00e9s en nombre pour partager leurs souvenirs et c\u00e9l\u00e9brer la m\u00e9moire de Jos\u00e9phine.\" width=\"960\" height=\"640\"\/><br \/>\n    Les habitants se sont retrouv\u00e9s en nombre pour partager leurs souvenirs et c\u00e9l\u00e9brer la m\u00e9moire de Jos\u00e9phine. \u00a9Kevin Kluska<\/p>\n<p class=\" wall-content\">Les habitants se souviennent de \u00ab son regard intense \u00bb et des moments partag\u00e9s avec elle, comme <b>des baignades ou des balades en kayak<\/b>.<\/p>\n<p class=\" wall-content\">Des photos de Jos\u00e9phine ont circul\u00e9 lors de l\u2019\u00e9v\u00e9nement, ravivant les souvenirs de <b>sa roulade sur la plage en 2004<\/b>, immortalis\u00e9e par un clich\u00e9 offert \u00e0 une association. \u00ab C\u2019\u00e9tait important de l\u2019immortaliser \u00bb, confie un participant, \u00e9voquant l\u2019id\u00e9e d\u2019une statue en hommage \u00e0 Jos\u00e9phine.<\/p>\n<p>Une statue pour Jos\u00e9phine ?<\/p>\n<p class=\" wall-content\">L\u2019id\u00e9e d\u2019une statue en granit, port\u00e9e par <b>Dominique Bognet<\/b>, pourrait devenir une attraction touristique pour Pleudihen-sur-Rance, \u00e0 l\u2019image de la Petite Sir\u00e8ne de Copenhague ou du Manneken-Pis \u00e0 Bruxelles.<\/p>\n<p>      <img   decoding=\"async\" loading=\"lazy\" class=\"size-large\" src=\"https:\/\/www.europesays.com\/fr\/wp-content\/uploads\/2025\/04\/532453c50cf76472453c50cf7db245v-960x640.jpeg\" alt=\"Dominique Bognet prend la parole pour \u00e9voquer le projet de statue, tandis qu\u2019un intervenant montre une photo de la statue du phoque Andr\u00e9, aux \u00c9tats-Unis.\" width=\"960\" height=\"640\"\/><br \/>\n    Dominique Bognet prend la parole pour \u00e9voquer le projet de statue, tandis qu\u2019un intervenant montre une photo de la statue du phoque Andr\u00e9, aux \u00c9tats-Unis. \u00a9Kevin Kluska<\/p>\n<p class=\" wall-content\">Une comparaison logique, selon certains, qui voient en Jos\u00e9phine <b>une figure embl\u00e9matique<\/b> capable de dynamiser l\u2019\u00e9conomie locale.<\/p>\n<p class=\" wall-content\">Dominique Bognet a \u00e9galement \u00e9voqu\u00e9 une histoire similaire aux \u00c9tats-Unis avec <b>le phoque Andr\u00e9<\/b>, devenu une ic\u00f4ne locale dans le Maine et qui a sa propre statue. Comme Jos\u00e9phine, Andr\u00e9 avait su cr\u00e9er un lien unique avec les humains, malgr\u00e9 la nature sauvage de son esp\u00e8ce.<\/p>\n<p class=\" wall-content\">De notre correspondant, Kevin Kluska<\/p>\n<p class=\" wall-content\">Suivez toute l\u2019actualit\u00e9 de vos villes et m\u00e9dias favoris en vous inscrivant \u00e0 <a href=\"https:\/\/moncompte.actu.fr\" title=\"D\u00e9couvez Mon Actu\" rel=\"nofollow noopener\" data-trk=\"{&quot;cta&quot;:{&quot;action&quot;:&quot;https:\\\/\\\/moncompte.actu.fr&quot;,&quot;category&quot;:&quot;mon compte&quot;,&quot;from&quot;:&quot;article footer&quot;,&quot;name&quot;:&quot;Mon actu&quot;,&quot;type&quot;:&quot;cta&quot;}}\" target=\"_blank\">Mon Actu<\/a>.<\/p>\n","protected":false},"excerpt":{"rendered":"Par R\u00e9daction Dinan Publi\u00e9 le 14 avr. 2025 \u00e0 18h45 Samedi 12 avril 2025, plusieurs habitants du secteur&hellip;\n","protected":false},"author":2,"featured_media":31726,"comment_status":"","ping_status":"","sticky":false,"template":"","format":"standard","meta":{"footnotes":""},"categories":[1358],"tags":[1867,1348,1384,1385,1386,58,59,1011,27,1757,10749],"class_list":{"0":"post-31725","1":"post","2":"type-post","3":"status-publish","4":"format-standard","5":"has-post-thumbnail","7":"category-arts-et-design","8":"tag-animaux","9":"tag-arts","10":"tag-arts-and-design","11":"tag-arts-et-design","12":"tag-design","13":"tag-divertissement","14":"tag-entertainment","15":"tag-fr","16":"tag-france","17":"tag-insolite","18":"tag-rance"},"share_on_mastodon":{"url":"https:\/\/pubeurope.com\/@fr\/114353465130409252","error":""},"_links":{"self":[{"href":"https:\/\/www.europesays.com\/fr\/wp-json\/wp\/v2\/posts\/31725","targetHints":{"allow":["GET"]}}],"collection":[{"href":"https:\/\/www.europesays.com\/fr\/wp-json\/wp\/v2\/posts"}],"about":[{"href":"https:\/\/www.europesays.com\/fr\/wp-json\/wp\/v2\/types\/post"}],"author":[{"embeddable":true,"href":"https:\/\/www.europesays.com\/fr\/wp-json\/wp\/v2\/users\/2"}],"replies":[{"embeddable":true,"href":"https:\/\/www.europesays.com\/fr\/wp-json\/wp\/v2\/comments?post=31725"}],"version-history":[{"count":0,"href":"https:\/\/www.europesays.com\/fr\/wp-json\/wp\/v2\/posts\/31725\/revisions"}],"wp:featuredmedia":[{"embeddable":true,"href":"https:\/\/www.europesays.com\/fr\/wp-json\/wp\/v2\/media\/31726"}],"wp:attachment":[{"href":"https:\/\/www.europesays.com\/fr\/wp-json\/wp\/v2\/media?parent=31725"}],"wp:term":[{"taxonomy":"category","embeddable":true,"href":"https:\/\/www.europesays.com\/fr\/wp-json\/wp\/v2\/categories?post=31725"},{"taxonomy":"post_tag","embeddable":true,"href":"https:\/\/www.europesays.com\/fr\/wp-json\/wp\/v2\/tags?post=31725"}],"curies":[{"name":"wp","href":"https:\/\/api.w.org\/{rel}","templated":true}]}}