{"id":317252,"date":"2025-08-13T22:22:10","date_gmt":"2025-08-13T22:22:10","guid":{"rendered":"https:\/\/www.europesays.com\/fr\/317252\/"},"modified":"2025-08-13T22:22:10","modified_gmt":"2025-08-13T22:22:10","slug":"riolo-revient-sur-leviction-de-donnarumma-au-psg","status":"publish","type":"post","link":"https:\/\/www.europesays.com\/fr\/317252\/","title":{"rendered":"Riolo revient sur l&rsquo;\u00e9viction de Donnarumma au PSG"},"content":{"rendered":"<p>Au lendemain du message de Gianluigi Donnarumma sur la fin de son aventure avec le Paris Saint-Germain, Daniel Riolo est revenu ce mercredi dans l&rsquo;After Foot sur RMC sur le futur d\u00e9part de l&rsquo;Italien. Une \u00e9viction tendue et li\u00e9e avant tout, selon lui, \u00e0 un choix sportif formul\u00e9 par l&rsquo;entra\u00eeneur parisien Luis Enrique.<\/p>\n<p>Alors que les regards sont braqu\u00e9s sur Udine et <a href=\"https:\/\/rmcsport.bfmtv.com\/football\/supercoupe-d-europe\/direct-psg-tottenham-suivez-la-supercoupe-d-europe-a-udine-en-live_LS-202508130320.html\" title=\"DIRECT. PSG-Tottenham: le temps file pour Paris, toujours impuissant\" class=\"internal_link\" rel=\"nofollow noopener\" target=\"_blank\">la finale de la Supercoupe d&rsquo;Europe entre le PSG et Tottenham<\/a>, Gianluigi Donnarumma demeure l&rsquo;un des sujets de discussion r\u00e9currents pour les supporters parisiens. Non-retenu dans le groupe pour ce premier gros rendez-vous de la saison des champions d&rsquo;Europe, l&rsquo;Italien s&rsquo;est vu indiquer &#8211; d&rsquo;autant plus avec l&rsquo;arriv\u00e9e de <a href=\"https:\/\/rmcsport.bfmtv.com\/football\/clubs\/paris-saint-germain\/psg-il-peut-apporter-beaucoup-plus-l-enthousiasme-de-makelele-pour-l-arrivee-de-chevalier_AV-202508130500.html\" title=\"PSG: &quot;Il peut apporter beaucoup plus&quot;, l&#039;enthousiasme de Mak\u00e9l\u00e9l\u00e9 pour l&#039;arriv\u00e9e de Chevalier\" class=\"internal_link\" rel=\"nofollow noopener\" target=\"_blank\">Lucas Chevalier<\/a> &#8211; la porte de sortie. Une indication bien<a href=\"https:\/\/rmcsport.bfmtv.com\/football\/clubs\/paris-saint-germain\/psg-decu-et-attriste-donnarumma-regle-ses-compte-et-fait-ses-adieux-a-paris_AV-202508120506.html\" title=\"PSG: &quot;D\u00e9\u00e7u et attrist\u00e9&quot;: Donnarumma r\u00e8gle ses comptes et fait ses adieux \u00e0 Paris\" class=\"internal_link\" rel=\"nofollow noopener\" target=\"_blank\"> comprise par le portier de 26 ans, lequel a post\u00e9 <\/a>un message sur ses r\u00e9seaux sociaux pour acter son d\u00e9part.<\/p>\n<p><img decoding=\"async\" src=\"https:\/\/www.europesays.com\/fr\/wp-content\/uploads\/2025\/05\/principale-92_4.jpg\"  alt=\"Walid ne pense pas que Donnarumma doive tout faire pour quitter le PSG \u2013 10\/08\" title=\"Walid ne pense pas que Donnarumma doive tout faire pour quitter le PSG \u2013 10\/08\"\/>Walid ne pense pas que Donnarumma doive tout faire pour quitter le PSG \u2013 10\/08Riolo valide un Luis Enrioque \u00ab\u00a0clair et net\u00a0\u00bb<\/p>\n<p>Ce mercredi dans l&rsquo;\u00e9mission l&rsquo;After Foot sur RMC, Daniel Riolo est revenu sur cette fin d&rsquo;histoire tumultueuse. Et selon lui, il ne s&rsquo;agit pas d&rsquo;un probl\u00e8me de prolongation de contrat que lui aurait ou ne lui aurait pas formul\u00e9e le PSG.<\/p>\n<p>\u00ab\u00a0L&rsquo;entra\u00eeneur <a href=\"https:\/\/rmcsport.bfmtv.com\/football\/clubs\/paris-saint-germain\/luis-enrique_DN-202308300457.html\" title=\"Luis Enrique entra\u00eeneur du PSG\" class=\"internal_link\" rel=\"nofollow noopener\" target=\"_blank\">Luis Enrique<\/a> a expliqu\u00e9 qu&rsquo;il ne voulait pas le garder parce que le joueur ne lui convient pas, pourquoi continuer \u00e0 parler de prolongation de contrat\u00a0\u00bb, a gliss\u00e9 le membre de l&rsquo;After. \u00ab\u00a0Luis Enrique a eu le m\u00e9rite d&rsquo;\u00eatre honn\u00eate. Il a \u00e9t\u00e9 clair et net, il ne voulait plus de ce profil, basta. <a href=\"https:\/\/rmcsport.bfmtv.com\/football\/clubs\/paris-saint-germain\/cela-donne-de-la-credibilite-au-psg-charbonnier-valide-la-fermete-du-club-face-a-donnarumma_AV-202508130480.html\" title=\"&quot;Cela donne de la cr\u00e9dibilit\u00e9 au PSG&quot;: Charbonnier valide la fermet\u00e9 du club face \u00e0 Donnarumma\" class=\"internal_link\" rel=\"nofollow noopener\" target=\"_blank\">Pour une fois que la communication est claire<\/a>&#8230;\u00a0\u00bb<\/p>\n<p>\u00ab\u00a0Donnarumma n&rsquo;est pas le profil qu&rsquo;il veut avoir dans l&rsquo;\u00e9quipe, il lui dit au revoir mon gars\u00a0\u00bb<\/p>\n<p>L&rsquo;\u00e9ditorialiste de RMC Sport reconnait toutefois que <a href=\"https:\/\/rmcsport.bfmtv.com\/football\/gianluigi-donnarumma_DN-202108310517.html\" title=\"Gianluigi Donnarumma\" class=\"internal_link\" rel=\"nofollow noopener\" target=\"_blank\">Gianluigi Donnarumma<\/a> \u00ab\u00a0a des raisons de l&rsquo;avoir mauvaise aujourd&rsquo;hui\u00a0\u00bb, mais \u00ab\u00a0comme l&rsquo;a tr\u00e8s bien dit <a href=\"https:\/\/rmcsport.bfmtv.com\/football\/ligue-1\/psg-de-marquinhos-a-mbappe-de-nombreux-hommages-pour-donnarumma-apres-l-annonce-de-son-depart_AV-202508130123.html\" title=\"PSG: de Marquinhos \u00e0 Mbapp\u00e9... de nombreux hommages pour Donnarumma apr\u00e8s l&#039;annonce de son d\u00e9part\" class=\"internal_link\" rel=\"nofollow noopener\" target=\"_blank\">Marquinhos<\/a>, le football est dor\u00e9navant priv\u00e9 d&rsquo;affect\u00a0\u00bb.<\/p>\n<p>\u00ab\u00a0<a href=\"https:\/\/rmcsport.bfmtv.com\/football\/clubs\/paris-saint-germain\/psg-une-situation-incroyable-comment-le-depart-fracassant-de-donnarumma-est-vecu-en-italie_AV-202508130248.html\" title=\"PSG: &quot;Une situation incroyable&quot;, comment le d\u00e9part fracassant de Donnarumma est v\u00e9cu en Italie\" class=\"internal_link\" rel=\"nofollow noopener\" target=\"_blank\">La fa\u00e7on dont l&rsquo;Italien avait quitt\u00e9 Milan<\/a>, les supporters lui en veulent encore\u00a0\u00bb, poursuit Daniel Riolo. \u00ab\u00a0Ce n&rsquo;est pas nouveau, chaque \u00e9t\u00e9 le football nous offre ce genre de sc\u00e9narios o\u00f9 on parle de trahisons etc. C&rsquo;est chacun pour sa gueule.\u00a0\u00bb<\/p>\n<p>Avant de conclure: \u00ab\u00a0Luis Enrique est le king aujourd&rsquo;hui, Donnarumma n&rsquo;est pas le profil qu&rsquo;il veut avoir dans l&rsquo;\u00e9quipe, il lui dit &lsquo;au revoir mon gars, va \u00e0 City, Pep Guardiola va te faire jouer&rsquo; et c&rsquo;est comme \u00e7a. Moi je n&rsquo;en veux pas \u00e0 grand-monde dans cette histoire, c&rsquo;est la vie. On peut d\u00e9crypter les rouages de l&rsquo;histoire, mais il ne faut pas pleurer ou s&rsquo;apitoyer.\u00a0\u00bb<\/p>\n","protected":false},"excerpt":{"rendered":"Au lendemain du message de Gianluigi Donnarumma sur la fin de son aventure avec le Paris Saint-Germain, Daniel&hellip;\n","protected":false},"author":2,"featured_media":317253,"comment_status":"","ping_status":"","sticky":false,"template":"","format":"standard","meta":{"footnotes":""},"categories":[1586],"tags":[11,1777,674,1779,1011,27,12,25,1778,364],"class_list":{"0":"post-317252","1":"post","2":"type-post","3":"status-publish","4":"format-standard","5":"has-post-thumbnail","7":"category-europe","8":"tag-actualites","9":"tag-eu","10":"tag-europe","11":"tag-european-union","12":"tag-fr","13":"tag-france","14":"tag-news","15":"tag-republique-francaise","16":"tag-ue","17":"tag-union-europeenne"},"share_on_mastodon":{"url":"https:\/\/pubeurope.com\/@fr\/115023796238184415","error":""},"_links":{"self":[{"href":"https:\/\/www.europesays.com\/fr\/wp-json\/wp\/v2\/posts\/317252","targetHints":{"allow":["GET"]}}],"collection":[{"href":"https:\/\/www.europesays.com\/fr\/wp-json\/wp\/v2\/posts"}],"about":[{"href":"https:\/\/www.europesays.com\/fr\/wp-json\/wp\/v2\/types\/post"}],"author":[{"embeddable":true,"href":"https:\/\/www.europesays.com\/fr\/wp-json\/wp\/v2\/users\/2"}],"replies":[{"embeddable":true,"href":"https:\/\/www.europesays.com\/fr\/wp-json\/wp\/v2\/comments?post=317252"}],"version-history":[{"count":0,"href":"https:\/\/www.europesays.com\/fr\/wp-json\/wp\/v2\/posts\/317252\/revisions"}],"wp:featuredmedia":[{"embeddable":true,"href":"https:\/\/www.europesays.com\/fr\/wp-json\/wp\/v2\/media\/317253"}],"wp:attachment":[{"href":"https:\/\/www.europesays.com\/fr\/wp-json\/wp\/v2\/media?parent=317252"}],"wp:term":[{"taxonomy":"category","embeddable":true,"href":"https:\/\/www.europesays.com\/fr\/wp-json\/wp\/v2\/categories?post=317252"},{"taxonomy":"post_tag","embeddable":true,"href":"https:\/\/www.europesays.com\/fr\/wp-json\/wp\/v2\/tags?post=317252"}],"curies":[{"name":"wp","href":"https:\/\/api.w.org\/{rel}","templated":true}]}}