{"id":317254,"date":"2025-08-13T22:23:12","date_gmt":"2025-08-13T22:23:12","guid":{"rendered":"https:\/\/www.europesays.com\/fr\/317254\/"},"modified":"2025-08-13T22:23:12","modified_gmt":"2025-08-13T22:23:12","slug":"la-projection-du-film-barbie-empechee-par-un-groupe-de-jeunes-le-maire-va-porter-plainte","status":"publish","type":"post","link":"https:\/\/www.europesays.com\/fr\/317254\/","title":{"rendered":"la projection du film \u00ab\u00a0Barbie\u00a0\u00bb emp\u00each\u00e9e par un groupe de jeunes, le maire va porter plainte"},"content":{"rendered":"<p class=\"article-p mdl\">Des agents du service public de la commune de Noisy-le-Sec ont \u00e9t\u00e9 menac\u00e9s avant la projection, vendredi dernier, du film Barbie. Sous la pression d&rsquo;un individu au sein d&rsquo;un petit groupe de jeunes, la municipalit\u00e9 a pr\u00e9f\u00e9r\u00e9 annuler la projection du film pour ne pas mettre en danger ses agents. Le maire\u00a0Olivier Sarrabeyrouse <strong>a port\u00e9 plainte contre X<\/strong>.<\/p>\n<p class=\"article-p mdl\">En d\u00e9but d&rsquo;apr\u00e8s-midi, vendredi 8 ao\u00fbt, les festivit\u00e9s commencent et les premi\u00e8res tensions voient d\u00e9j\u00e0 le jour. Des associations et des agents de la ville sont en train de\u00a0<a class=\"link\" href=\"https:\/\/www.rtl.fr\/actu\/debats-societe\/seine-saint-denis-une-association-permet-une-pratique-encadree-et-en-toute-securite-du-rodeo-urbain-7900529132\" target=\"_blank\" rel=\"noopener\">s&rsquo;installer sur la place du quartier<\/a>\u00a0du Londeau, o\u00f9 l&rsquo;on trouve une grande dalle en b\u00e9ton plant\u00e9e au milieu d&rsquo;immeubles HLM.<\/p>\n<p class=\"article-p mdl\">On sort les chaises, d\u00e9ploie l&rsquo;\u00e9cran g\u00e9ant quand soudain, un groupe d&rsquo;une dizaine de jeunes demande aux agents de la ville de tout remballer. Ces hommes s&rsquo;opposent \u00e0 la diffusion du film car, selon eux, \u00ab\u00a0Barbie promeut l&rsquo;homosexualit\u00e9 et remet en question l&rsquo;int\u00e9grit\u00e9 des femmes\u00a0\u00bb. Mais les <strong>agents refusent de s&rsquo;en aller et tentent plut\u00f4t de dialoguer<\/strong>, en vain.<\/p>\n<p class=\"article-p mdl\">Les <strong>opposants menacent alors de d\u00e9sinstaller le mat\u00e9riel eux-m\u00eames<\/strong>, voire m\u00eame de le d\u00e9grader, et deviennent de plus en plus intimidants&#8230; Un homme, notamment, fait des allers-retours en trottinette entre les diff\u00e9rents groupes de jeunes. Selon les agents de la ville, ils semblent tout coordonner en donnant des ordres pendant plus de deux heures.<\/p>\n<p>            Un film pourtant pl\u00e9biscit\u00e9 par les habitants de Noisy-le-Sec<\/p>\n<p class=\"article-p mdl\">Finalement, vers 18h, les agents appellent le maire de la ville. Pour \u00e9viter une mont\u00e9e de violence, Olivier Sarrabeyrouse\u00a0d\u00e9cide d&rsquo;annuler la s\u00e9ance avant que des habitants n&rsquo;arrivent sur la place.<\/p>\n<p class=\"article-p mdl\">Dans le quartier, il est difficile de s&rsquo;exprimer sur le sujet. <strong>Les habitants \u00e9vitent plut\u00f4t la question<\/strong>. Mais deux jeunes filles, qui habitent dans un immeuble juste \u00e0 c\u00f4t\u00e9 de la place, acceptent de r\u00e9pondre au micro de RTL.<\/p>\n<p class=\"article-p mdl\">\u00ab\u00a0On s&rsquo;\u00e9tait pr\u00e9par\u00e9, il y avait des cr\u00eapes. Sauf qu&rsquo;apr\u00e8s, on voit qu&rsquo;ils sont en train de d\u00e9barrasser les choses, enlever les chaises\u00a0\u00bb, racontent-elles. Elles demandent ce qui se passe et pourquoi ils enl\u00e8vent le film : \u00ab\u00a0Ils nous ont dit que c&rsquo;est parce qu&rsquo;il y a eu des probl\u00e8mes mais ils ne nous ont pas dit que c&rsquo;est parce qu&rsquo;ils n&rsquo;ont pas voulu projeter le film <strong>parce que ce n&rsquo;\u00e9tait pas de notre \u00e2ge<\/strong>.\u00a0\u00bb<\/p>\n<p class=\"article-p mdl\">La d\u00e9ception est d&rsquo;autant plus grande que\u00a0<a class=\"link\" href=\"https:\/\/www.rtl.fr\/culture\/medias-people\/lebron-james-a-quoi-ressemble-la-premiere-poupee-barbie-a-l-effigie-d-un-athlete-masculin-7900493029\" target=\"_blank\" rel=\"noopener\">le film Barbie<\/a>\u00a0avait \u00e9t\u00e9 choisi par les habitants. En mai, la mairie de Noisy-le-Sec avait lanc\u00e9 un sondage pour savoir quelle \u0153uvre diffuser. Et c&rsquo;est Barbie qui avait \u00e9t\u00e9 pl\u00e9biscit\u00e9 dans ce quartier par plus d&rsquo;une quarantaine de personnes.<\/p>\n<p>    La r\u00e9daction vous recommande<\/p>\n<p class=\"s-newsletter__title\">\n                L\u2019actualit\u00e9 par la r\u00e9daction de RTL dans votre bo\u00eete mail.\n            <\/p>\n<p class=\"s-newsletter__subtitle\">\n                Gr\u00e2ce \u00e0 votre compte RTL abonnez-vous \u00e0 la newsletter RTL info pour suivre toute l&rsquo;actualit\u00e9 au quotidien\n            <\/p>\n<p>\n                                    Lire la suite\n                                <\/p>\n","protected":false},"excerpt":{"rendered":"Des agents du service public de la commune de Noisy-le-Sec ont \u00e9t\u00e9 menac\u00e9s avant la projection, vendredi dernier,&hellip;\n","protected":false},"author":2,"featured_media":317255,"comment_status":"","ping_status":"","sticky":false,"template":"","format":"standard","meta":{"footnotes":""},"categories":[2],"tags":[11,7207,107,1011,27,12,5116,362,25,1945,809],"class_list":{"0":"post-317254","1":"post","2":"type-post","3":"status-publish","4":"format-standard","5":"has-post-thumbnail","7":"category-actualites","8":"tag-actualites","9":"tag-barbie","10":"tag-fil-info","11":"tag-fr","12":"tag-france","13":"tag-news","14":"tag-quartiers","15":"tag-replay","16":"tag-republique-francaise","17":"tag-seine-saint-denis","18":"tag-violence"},"share_on_mastodon":{"url":"https:\/\/pubeurope.com\/@fr\/115023800192378219","error":""},"_links":{"self":[{"href":"https:\/\/www.europesays.com\/fr\/wp-json\/wp\/v2\/posts\/317254","targetHints":{"allow":["GET"]}}],"collection":[{"href":"https:\/\/www.europesays.com\/fr\/wp-json\/wp\/v2\/posts"}],"about":[{"href":"https:\/\/www.europesays.com\/fr\/wp-json\/wp\/v2\/types\/post"}],"author":[{"embeddable":true,"href":"https:\/\/www.europesays.com\/fr\/wp-json\/wp\/v2\/users\/2"}],"replies":[{"embeddable":true,"href":"https:\/\/www.europesays.com\/fr\/wp-json\/wp\/v2\/comments?post=317254"}],"version-history":[{"count":0,"href":"https:\/\/www.europesays.com\/fr\/wp-json\/wp\/v2\/posts\/317254\/revisions"}],"wp:featuredmedia":[{"embeddable":true,"href":"https:\/\/www.europesays.com\/fr\/wp-json\/wp\/v2\/media\/317255"}],"wp:attachment":[{"href":"https:\/\/www.europesays.com\/fr\/wp-json\/wp\/v2\/media?parent=317254"}],"wp:term":[{"taxonomy":"category","embeddable":true,"href":"https:\/\/www.europesays.com\/fr\/wp-json\/wp\/v2\/categories?post=317254"},{"taxonomy":"post_tag","embeddable":true,"href":"https:\/\/www.europesays.com\/fr\/wp-json\/wp\/v2\/tags?post=317254"}],"curies":[{"name":"wp","href":"https:\/\/api.w.org\/{rel}","templated":true}]}}