{"id":317258,"date":"2025-08-13T22:25:18","date_gmt":"2025-08-13T22:25:18","guid":{"rendered":"https:\/\/www.europesays.com\/fr\/317258\/"},"modified":"2025-08-13T22:25:18","modified_gmt":"2025-08-13T22:25:18","slug":"une-famille-en-or-speciale-france-belgique-une-famille-en-or","status":"publish","type":"post","link":"https:\/\/www.europesays.com\/fr\/317258\/","title":{"rendered":"Une famille en or &#8211; Sp\u00e9ciale France-Belgique &#8211; Une famille en or"},"content":{"rendered":"<p id=\"descriptionPanel\" class=\"text-secondary mr-2 line-clamp-2 pr-2.5 overflow-visible\">Depuis des d\u00e9cennies, ces deux pays s&rsquo;affrontent dans quasi toutes les disciplines\u2026 Et on ne va pas se mentir, c\u2019est souvent la France qui gagne ! Qu\u2019en sera-t-il face aux questions de Camille Combal ? Au programme : de la mauvaise foi, des fous rires, des vannes, des magn\u00e9tos surprises, des rebondissements et un d\u00e9nouement l\u00e9gendaire. Et pour la 1\u00e8re fois dans l\u2019histoire du jeu, certaines questions ont \u00e9t\u00e9 soumises \u00e0 un panel de 100 Belges ! Ce duel franco-belge sera arbitr\u00e9 par le franco-fran\u00e7ais (mais n\u00e9anmoins objectif) Camille Combal. Arbitre asserment\u00e9 par\u2026 TF1. D\u2019un c\u00f4t\u00e9 : La Famille BELGIQUE avec Virginie Hocq en capitaine entour\u00e9e des humoristes Alex Vizorek et GuiHome et du com\u00e9dien Kody. Face \u00e0 eux : La Famille FRANCE avec sa capitaine Anne Dep\u00e9trini, Bruno Sanches, Isabelle Vitari et l&rsquo;humoriste Tareek.<\/p>\n<p>Afficher la version longue du r\u00e9sum\u00e9<a class=\"shrink-0\" href=\"https:\/\/www.tf1.fr\/tf1\/une-famille-en-or\" target=\"_blank\" rel=\"noopener\"><img decoding=\"async\" src=\"https:\/\/www.europesays.com\/fr\/wp-content\/uploads\/2025\/08\/program-card-portrait-2-af2bed-7029fd-0@1x.jpg\" width=\"138\" height=\"184\" alt=\"\" loading=\"eager\" fetchpriority=\"auto\" class=\"rounded-3px aspect-[3\/4] h-24 w-auto\" aria-hidden=\"true\"\/><\/a><\/p>\n","protected":false},"excerpt":{"rendered":"Depuis des d\u00e9cennies, ces deux pays s&rsquo;affrontent dans quasi toutes les disciplines\u2026 Et on ne va pas se&hellip;\n","protected":false},"author":2,"featured_media":317259,"comment_status":"","ping_status":"","sticky":false,"template":"","format":"standard","meta":{"footnotes":""},"categories":[4],"tags":[11,2889,44667,45561,45562,1011,27,12,25,45573,45574,45569,45570,45559,45563,45564,45571,45575,45560,45572,45576,45568,45567,45565,45566],"class_list":{"0":"post-317258","1":"post","2":"type-post","3":"status-publish","4":"format-standard","5":"has-post-thumbnail","7":"category-france","8":"tag-actualites","9":"tag-emission","10":"tag-emission-tf1","11":"tag-emission-une-famille-en-or","12":"tag-emission-une-famille-en-or-tf1","13":"tag-fr","14":"tag-france","15":"tag-news","16":"tag-republique-francaise","17":"tag-streaming-gratuit-une-famille-en-or","18":"tag-streaming-gratuit-une-famille-en-or-tf1","19":"tag-streaming-une-famille-en-or","20":"tag-streaming-une-famille-en-or-tf1","21":"tag-une-famille-en-or","22":"tag-une-famille-en-or-emission","23":"tag-une-famille-en-or-emission-tf1","24":"tag-une-famille-en-or-streaming","25":"tag-une-famille-en-or-streaming-gratuit","26":"tag-une-famille-en-or-tf1","27":"tag-une-famille-en-or-tf1-streaming","28":"tag-une-famille-en-or-tf1-streaming-gratuit","29":"tag-une-famille-en-or-tf1-video","30":"tag-une-famille-en-or-video","31":"tag-video-une-famille-en-or","32":"tag-video-une-famille-en-or-tf1"},"share_on_mastodon":{"url":"","error":"Validation failed: Text character limit of 500 exceeded"},"_links":{"self":[{"href":"https:\/\/www.europesays.com\/fr\/wp-json\/wp\/v2\/posts\/317258","targetHints":{"allow":["GET"]}}],"collection":[{"href":"https:\/\/www.europesays.com\/fr\/wp-json\/wp\/v2\/posts"}],"about":[{"href":"https:\/\/www.europesays.com\/fr\/wp-json\/wp\/v2\/types\/post"}],"author":[{"embeddable":true,"href":"https:\/\/www.europesays.com\/fr\/wp-json\/wp\/v2\/users\/2"}],"replies":[{"embeddable":true,"href":"https:\/\/www.europesays.com\/fr\/wp-json\/wp\/v2\/comments?post=317258"}],"version-history":[{"count":0,"href":"https:\/\/www.europesays.com\/fr\/wp-json\/wp\/v2\/posts\/317258\/revisions"}],"wp:featuredmedia":[{"embeddable":true,"href":"https:\/\/www.europesays.com\/fr\/wp-json\/wp\/v2\/media\/317259"}],"wp:attachment":[{"href":"https:\/\/www.europesays.com\/fr\/wp-json\/wp\/v2\/media?parent=317258"}],"wp:term":[{"taxonomy":"category","embeddable":true,"href":"https:\/\/www.europesays.com\/fr\/wp-json\/wp\/v2\/categories?post=317258"},{"taxonomy":"post_tag","embeddable":true,"href":"https:\/\/www.europesays.com\/fr\/wp-json\/wp\/v2\/tags?post=317258"}],"curies":[{"name":"wp","href":"https:\/\/api.w.org\/{rel}","templated":true}]}}