{"id":317260,"date":"2025-08-13T22:27:13","date_gmt":"2025-08-13T22:27:13","guid":{"rendered":"https:\/\/www.europesays.com\/fr\/317260\/"},"modified":"2025-08-13T22:27:13","modified_gmt":"2025-08-13T22:27:13","slug":"volleyball-de-plage-cest-comme-la-glace-du-centre-bell","status":"publish","type":"post","link":"https:\/\/www.europesays.com\/fr\/317260\/","title":{"rendered":"Volleyball de plage | \u00ab\u00a0C\u2019est comme la glace du Centre Bell\u00a0\u00bb"},"content":{"rendered":"<p class=\"lead textModule textModule--type-lead \" style=\"\">De Gstaad \u00e0 Montr\u00e9al en passant par Brasilia et Ostrava, rien n\u2019importe plus que la qualit\u00e9 du sable sur le circuit professionnel de volleyball de plage. Et lorsque la comp\u00e9tition se d\u00e9roule sur un circuit de Formule\u00a01, impossible de tourner les coins ronds.<\/p>\n<p>                    Publi\u00e9 \u00e0 16\u00a0h\u00a051<\/p>\n<p>    <a class=\"print\" href=\"https:\/\/www.lapresse.ca\/sports\/2025-08-13\/volleyball-de-plage\/javascript:window.print();\" title=\"Imprimer la page\" rel=\"nofollow noopener\" target=\"_blank\"><\/p>\n<p>        <img loading=\"lazy\" decoding=\"async\" width=\"16\" height=\"18\" src=\"https:\/\/www.europesays.com\/fr\/wp-content\/uploads\/2025\/04\/share-icon.png\" alt=\"Partager\"\/><\/p>\n<p class=\"paragraph textModule textModule--type-paragraph \" style=\"\">Pour la deuxi\u00e8me fois en trois ans, l\u2019\u00e9tape montr\u00e9alaise du Beach Pro Tour se d\u00e9roule sur le circuit Gilles-Villeneuve. Cette ann\u00e9e, toutefois, les terrains ont \u00e9t\u00e9 am\u00e9nag\u00e9s dans l\u2019\u00e9pingle, et non devant les paddocks, comme lors de la premi\u00e8re \u00e9dition.<\/p>\n<p>                                        <img decoding=\"async\" src=\"https:\/\/www.europesays.com\/fr\/wp-content\/uploads\/2025\/08\/0bd06340b0073e03ad3c189e3cbb45a0.jpg\" alt=\"\" class=\"photoModule__visual\" itemprop=\"contentUrl url\"\/><\/p>\n<p class=\"credit photoModule__caption photoModule__caption--credit\" style=\"\">\n                    PHOTO NICHOLAS RICHARD, LA PRESSE\n                <\/p>\n<p class=\"description photoModule__caption photoModule__caption--description\" style=\"\">\n                    Les vibreurs du circuit Gilles-Villeneuve sont visibles non loin d\u2019un terrain.\n                <\/p>\n<p class=\"paragraph textModule textModule--type-paragraph \" style=\"\">Pour la construction et la mise en place du site, les organisateurs pouvaient donc difficilement s\u2019appuyer sur l\u2019exp\u00e9rience acquise en 2023. En entrevue avec La\u00a0Presse mercredi apr\u00e8s-midi dans le quartier des athl\u00e8tes, le directeur g\u00e9n\u00e9ral du tournoi, Joseph Limare, a expliqu\u00e9 qu\u2019au d\u00e9part de ce long processus, entam\u00e9 pendant l\u2019hiver, la premi\u00e8re \u00e9tape visait \u00e0 trouver un fournisseur de sable.<\/p>\n<p class=\"paragraph textModule textModule--type-paragraph \" style=\"\">Dans ses d\u00e9marches, le groupe organisateur, aussi derri\u00e8re les Grands Prix cyclistes et le marathon de Montr\u00e9al, a trouv\u00e9 un fournisseur ontarien qui s\u2019av\u00e8re aussi \u00eatre un important partenaire du circuit Volleyball World. \u00ab\u00a0Il est aussi habilit\u00e9 \u00e0 valider le sable et s\u2019assurer qu\u2019il r\u00e9pond au cahier des charges. Il y en a seulement quatre ou cinq dans le monde qui peuvent le faire. Donc il fournit [le sable] et le valide, c\u2019\u00e9tait cl\u00e9s en main.\u00a0\u00bb<\/p>\n<p class=\"epigraph textModule textModule--type-epigraph \" style=\"\">Chaque terrain de comp\u00e9tition n\u00e9cessite 325\u00a0tonnes de sable. Avec deux terrains am\u00e9nag\u00e9s dans l\u2019\u00e9pingle, 650\u00a0tonnes de sable ont donc \u00e9t\u00e9 achemin\u00e9es sur le circuit. Des dizaines de camions ont roul\u00e9 vers l\u2019\u00eele Sainte-H\u00e9l\u00e8ne au cours des six derniers jours pour transporter tout le sable requis.<\/p>\n<p class=\"paragraph textModule textModule--type-paragraph \" style=\"\">\u00ab\u00a0Le sable est tr\u00e8s important, convient M.\u00a0Limare. Surtout pour les joueurs qui passent leurs journ\u00e9es dessus. Ils doivent retrouver le m\u00eame niveau de qualit\u00e9 partout dans le monde. Il y a un cahier des charges tr\u00e8s important \u00e0 respecter.\u00a0\u00bb<\/p>\n<p class=\"paragraph textModule textModule--type-paragraph \" style=\"\">Le succ\u00e8s du tournoi d\u00e9pend de la qualit\u00e9 du spectacle et du bonheur des athl\u00e8tes. Sans le bon type de sable, impossible de r\u00e9pondre ad\u00e9quatement aux attentes.<\/p>\n<p class=\"quoteText\" style=\"\">C\u2019est comme la glace du Centre Bell. C\u2019est l\u00e0 que les athl\u00e8tes performent.<\/p>\n<p class=\"quoteSource\" style=\"\">\n            Joseph Limare, directeur g\u00e9n\u00e9ral du tournoi\n        <\/p>\n<p class=\"paragraph textModule textModule--type-paragraph \" style=\"\">Pour la construction des surfaces de jeu, il fallait d\u2019abord recouvrir la portion asphalt\u00e9e de la piste de course pour \u00e9viter de l\u2019endommager. Lando Norris et Charles Leclerc auraient sans doute \u00e9t\u00e9 peu enthousiastes \u00e0 l\u2019id\u00e9e de piloter sur une piste ab\u00eem\u00e9e en mai prochain.<\/p>\n<p class=\"paragraph textModule textModule--type-paragraph \" style=\"\">Les employ\u00e9s du site ont ensuite mont\u00e9 et rempli de sable des coffrages de 24\u00a0pouces de profondeur. Comme d\u2019immenses piscines hors terre pleines de sable. Piscines dans lesquelles il est \u00e9videmment permis de plonger pour sauver un point.<\/p>\n<p>                    Un grand projet<\/p>\n<p class=\"paragraph textModule textModule--type-paragraph \" style=\"\">Les organisateurs avaient le choix d\u2019acheter ou de louer le sable. Ils ont pr\u00e9f\u00e9r\u00e9 la premi\u00e8re option.<\/p>\n<p class=\"paragraph textModule textModule--type-paragraph \" style=\"\">Si bien que comme le tournoi reviendra \u00e0 Montr\u00e9al pour au moins trois autres \u00e9ditions, le sable sera entrepos\u00e9 en Mont\u00e9r\u00e9gie, \u00e0 moins d\u2019une heure du site de comp\u00e9tition.<\/p>\n<p class=\"paragraph textModule textModule--type-paragraph \" style=\"\">\u00ab\u00a0C\u2019est \u00e0 l\u2019air libre, couvert, dans des conditions qui font en sorte qu\u2019on pourra le r\u00e9utiliser \u00e0 98 ou 99\u00a0% l\u2019ann\u00e9e prochaine\u00a0\u00bb, confirme M.\u00a0Limare.<\/p>\n<p>                                        <img decoding=\"async\" src=\"https:\/\/www.europesays.com\/fr\/wp-content\/uploads\/2025\/08\/4bf8116a3562321ca9ba94700a2a7faf.jpg\" alt=\"\" class=\"photoModule__visual\" itemprop=\"contentUrl url\"\/><\/p>\n<p class=\"credit photoModule__caption photoModule__caption--credit\" style=\"\">\n                    PHOTO NICHOLAS RICHARD, LA PRESSE\n                <\/p>\n<p class=\"description photoModule__caption photoModule__caption--description\" style=\"\">\n                    Les organisateurs ont trouv\u00e9 le moyen d\u2019\u00e9conomiser une somme consid\u00e9rable en construisant le site de comp\u00e9tition dans l\u2019\u00e9pingle du circuit Gilles-Villeneuve.\n                <\/p>\n<p class=\"paragraph textModule textModule--type-paragraph \" style=\"\">Toujours selon le directeur g\u00e9n\u00e9ral, la confection des coffrages et l\u2019achat du sable repr\u00e9sentent un montant d\u2019environ 80\u00a0000\u00a0$. \u00ab\u00a0Dans un budget, c\u2019est un montant important, mais pour nous, c\u2019est un investissement.\u00a0\u00bb<\/p>\n<p class=\"paragraph textModule textModule--type-paragraph \" style=\"\">D\u2019autant plus que Plage M, un centre int\u00e9rieur de volleyball de plage situ\u00e9 \u00e0 Montr\u00e9al, pourrait aussi se servir de cette immense quantit\u00e9 de sable. \u00ab\u00a0Donc au lieu de le stocker, on pourrait par exemple trouver un arrangement pour qu\u2019il soit utilis\u00e9 \u00e0 longueur d\u2019ann\u00e9e\u00a0\u00bb, ajoute M.\u00a0Limare.<\/p>\n<p class=\"paragraph textModule textModule--type-paragraph \" style=\"\">Les organisateurs ont quand m\u00eame trouv\u00e9 le moyen d\u2019\u00e9conomiser une somme consid\u00e9rable en construisant le site de comp\u00e9tition dans l\u2019\u00e9pingle. Dans cette section n\u00e9vralgique et mythique de la piste, les gradins s\u2019y trouvent en tout temps. Contrairement aux paddocks, o\u00f9 des gradins temporaires ont d\u00fb \u00eatre construits en 2023.<\/p>\n<p class=\"paragraph textModule textModule--type-paragraph \" style=\"\">\u00ab\u00a0Est-ce plus viable de construire un stade autour des terrains ou construire des terrains l\u00e0 o\u00f9 il y a d\u00e9j\u00e0 un stade et des gradins\u00a0?\u00a0\u00bb, demande M.\u00a0Limare. Poser la question, c\u2019est y r\u00e9pondre.<\/p>\n<p>                    \u00c0 Montr\u00e9al pour de bon<\/p>\n<p class=\"paragraph textModule textModule--type-paragraph \" style=\"\">En 2023, au terme de la premi\u00e8re \u00e9dition, les organisateurs avaient affirm\u00e9 que le tournoi resterait \u00e0 Montr\u00e9al pour les quatre ann\u00e9es suivantes. Or, en 2024, pour des raisons de financement, la comp\u00e9tition n\u2019a pas eu lieu.<\/p>\n<p class=\"epigraph textModule textModule--type-epigraph \" style=\"\">Lors de la conf\u00e9rence de presse inaugurale du tournoi, mardi, M.\u00a0Limare a confirm\u00e9 que l\u2019\u00e9v\u00e8nement se tiendra \u00e0 Montr\u00e9al jusqu\u2019en 2028.<\/p>\n<p class=\"paragraph textModule textModule--type-paragraph \" style=\"\">La diff\u00e9rence entre cette promesse et celle faite il y a deux ans, \u00ab\u00a0c\u2019est que Tourisme Montr\u00e9al et la Ville de Montr\u00e9al ont vraiment voulu qu\u2019on se penche sur l\u2019\u00e9v\u00e8nement. Alors il y a une volont\u00e9 politique et il y a une volont\u00e9 que l\u2019\u00e9v\u00e8nement existe\u00a0\u00bb, explique le directeur g\u00e9n\u00e9ral.<\/p>\n<p class=\"paragraph textModule textModule--type-paragraph \" style=\"\">Lorsque le groupe a sollicit\u00e9 le gouvernement provincial, \u00ab\u00a0tr\u00e8s rapidement, il a dit qu\u2019il allait \u00eatre l\u00e0 pour soutenir l\u2019\u00e9v\u00e8nement\u00a0\u00bb.<\/p>\n<p class=\"paragraph textModule textModule--type-paragraph \" style=\"\">Le groupe organisateur prend \u00ab\u00a0100\u00a0% des risques financiers\u00a0\u00bb, mais selon M.\u00a0Limare, le mod\u00e8le en place demeure \u00ab\u00a0le meilleur possible\u00a0\u00bb.<\/p>\n<p class=\"paragraph textModule textModule--type-paragraph \" style=\"\">\u00ab\u00a0On estime que le risque est acceptable sur une p\u00e9riode de quatre ans. Sur une licence d\u2019un an ou deux ans, on ne serait pas all\u00e9s de l\u2019avant avec Volleyball World.\u00a0\u00bb<\/p>\n<p class=\"paragraph textModule textModule--type-paragraph \" style=\"\">Mais nous y sommes jusqu\u2019\u00e0 dimanche. Les meilleurs athl\u00e8tes de la discipline ont d\u00e9j\u00e0 couru, saut\u00e9 et plong\u00e9 sur le sable chaud. Et les Canadiennes Melissa Humana-Paredes et Brandie Wilkerson tenteront de d\u00e9fendre leur titre acquis il y a deux ans.<\/p>\n","protected":false},"excerpt":{"rendered":"De Gstaad \u00e0 Montr\u00e9al en passant par Brasilia et Ostrava, rien n\u2019importe plus que la qualit\u00e9 du sable&hellip;\n","protected":false},"author":2,"featured_media":317261,"comment_status":"","ping_status":"","sticky":false,"template":"","format":"standard","meta":{"footnotes":""},"categories":[1417],"tags":[1011,27,60,1470,1469],"class_list":{"0":"post-317260","1":"post","2":"type-post","3":"status-publish","4":"format-standard","5":"has-post-thumbnail","7":"category-volley","8":"tag-fr","9":"tag-france","10":"tag-sports","11":"tag-volley","12":"tag-volleyball"},"share_on_mastodon":{"url":"https:\/\/pubeurope.com\/@fr\/115023816030814854","error":""},"_links":{"self":[{"href":"https:\/\/www.europesays.com\/fr\/wp-json\/wp\/v2\/posts\/317260","targetHints":{"allow":["GET"]}}],"collection":[{"href":"https:\/\/www.europesays.com\/fr\/wp-json\/wp\/v2\/posts"}],"about":[{"href":"https:\/\/www.europesays.com\/fr\/wp-json\/wp\/v2\/types\/post"}],"author":[{"embeddable":true,"href":"https:\/\/www.europesays.com\/fr\/wp-json\/wp\/v2\/users\/2"}],"replies":[{"embeddable":true,"href":"https:\/\/www.europesays.com\/fr\/wp-json\/wp\/v2\/comments?post=317260"}],"version-history":[{"count":0,"href":"https:\/\/www.europesays.com\/fr\/wp-json\/wp\/v2\/posts\/317260\/revisions"}],"wp:featuredmedia":[{"embeddable":true,"href":"https:\/\/www.europesays.com\/fr\/wp-json\/wp\/v2\/media\/317261"}],"wp:attachment":[{"href":"https:\/\/www.europesays.com\/fr\/wp-json\/wp\/v2\/media?parent=317260"}],"wp:term":[{"taxonomy":"category","embeddable":true,"href":"https:\/\/www.europesays.com\/fr\/wp-json\/wp\/v2\/categories?post=317260"},{"taxonomy":"post_tag","embeddable":true,"href":"https:\/\/www.europesays.com\/fr\/wp-json\/wp\/v2\/tags?post=317260"}],"curies":[{"name":"wp","href":"https:\/\/api.w.org\/{rel}","templated":true}]}}