{"id":317267,"date":"2025-08-13T22:32:19","date_gmt":"2025-08-13T22:32:19","guid":{"rendered":"https:\/\/www.europesays.com\/fr\/317267\/"},"modified":"2025-08-13T22:32:19","modified_gmt":"2025-08-13T22:32:19","slug":"une-sacree-reaction-et-un-nouveau-titre-eurosport","status":"publish","type":"post","link":"https:\/\/www.europesays.com\/fr\/317267\/","title":{"rendered":"Une sacr\u00e9e r\u00e9action et un nouveau titre &#8211; Eurosport"},"content":{"rendered":"<ol>\n<li><a href=\"https:\/\/news.google.com\/rss\/articles\/CBMi_wFBVV95cUxPeTRVclJmcGNoTUcwMVAwZlB5QTM3bkx1dHphbFBCd2htcllZTk5MVmlyVnh1c0hwVkFwTWg3LWdJMGh4ZVhDMDhjTGxyMFNqdUcxTmFtcUw3MTdMWHgtTnFpc09WVWhoRnFHemplLUc3YmZHUExsTlVRclZwdTJ0UWs1eGVvY2ctcWhpeEduV0phR3Z6U0Y4eHNJd3RfaFFzS0I3RjVGaks0Tkc3MHdQbXJVRmgzZ2Z4azF4aGlTczBBZm5kbkpIbUdhVGwwRDJUNWlWZThEUkVUNTNQdm5JTXd2R3lJRGhheHh0emFvZ1NHWXRxX0lrNnZaMUdVOGM?oc=5\" target=\"_blank\" rel=\"nofollow noopener\">Une sacr\u00e9e r\u00e9action et un nouveau titre<\/a>&nbsp;&nbsp;Eurosport<\/li>\n<li><a href=\"https:\/\/news.google.com\/rss\/articles\/CBMimwJBVV95cUxPWVh4N3ZEVldkdkJucGVVbS1iMGM4QlNtN2JwV2RvZkZ0VDRvbkhXeFhYa21FRUdydDlrcG5TYmpfUkFPcXA1b1ZZSG43M1puQWExR0V1RWJ1a2M3cWRSbFhkbHJQM1ZUZmlkQW1BYmdINmVQMXNMYU9qOWNuWVhhSlFyMWhFUnVtZ1ZrQmpmZWhSWnFxVXhSTVE4VExKcEUwNEhBcUVIb215Z3RiM0JqejhDWDJZSEl2LVhhRzE4czlHYzRVSGIzMVBxcXg4VnNPamJzUTZoNnc4RzNOeFBkZXRfX1JKRmhRUGNoS2gxSkJOdjdwVW5JSHp6MFF4UDRSOUhLYmpqdnY0QUNtd0Nob2tNU3Y2Y3k2clk0?oc=5\" target=\"_blank\" rel=\"nofollow noopener\">Supercoupe d&rsquo;Europe &#8211; Chevalier s&rsquo;est rattrap\u00e9, Za\u00efre-Emery s&rsquo;est rat\u00e9 : les tops et les flops de PSG-Tottenham<\/a>&nbsp;&nbsp;Eurosport<\/li>\n<li><a href=\"https:\/\/news.google.com\/rss\/articles\/CBMinAFBVV95cUxNUUtETUdNTzlhdWdFTkNVSUV6a2JHZm1rdnZGRUFGdnR5WURad0FMejZXUFBrbkpVckF1ZHJoSS1aZEc4d1hLYjdIZnhRcWRxSV9Oa2Y4MnA5aXpqd3ZFcXdrcFNVMFd1NExrT04zWktkRU9VZ1lYbnpFamRkSlp5RnRmTklMQUJiZmIxSEg2cTQwM3VvNkYycTBrX0g?oc=5\" target=\"_blank\" rel=\"nofollow noopener\">Les notes de PSG-Tottenham : Demb\u00e9l\u00e9 n&rsquo;a pas l\u00e2ch\u00e9<\/a>&nbsp;&nbsp;L&rsquo;\u00c9quipe<\/li>\n<li><a href=\"https:\/\/news.google.com\/rss\/articles\/CBMi8gFBVV95cUxOWXN3UV96Qm1pMUl2T25acU5RWFNCcThZbUhxMUl4X2xoc1NDMm9fY2xUR3hnOWVrZDNqUDZ4aWlLZURVRFVRRlMtdW5MTHM3eUR4NDFxbk1ETWZtUHNiRkJfTVM5bGFpWjZucWREb0gwN1d0bi1SVzJqQXpETDhvWm5aX016NkZBVzhQUWNUdWNOMXJfSEVpb212dkZ5SHB0VnZvRXF0SVBMTzJtTzhDUmFkeld6U1d2bWtZNGdROFJ5Um9IeXFZd0hWRnBodlF1QlIxTWUzcll4ZHlpSk5JOVlaTmRKX1NHTFFtMklXMEdWQQ?oc=5\" target=\"_blank\" rel=\"nofollow noopener\">Le Paris Saint-Germain remporte la Supercoupe d\u2019Europe en renversant Tottenham en fin de match<\/a>&nbsp;&nbsp;Le Monde.fr<\/li>\n<li><a href=\"https:\/\/news.google.com\/rss\/articles\/CBMiiAFBVV95cUxQZjBlZ1d6UWR5Tmd4X25iS0ZZRHRWT1dXOUxnNFVKbnNYNlBydFVtVzA2NVlyMVZOeUdta21fSG9PdzZ6M19FRnNsXy04Unk3eWRqYVdlaXc2M2xnNXRLaG1tNFZKTDdXSS00Wm5QUklTMEh1bUlNUXc5RFlEMEFvSDExRFRuWjR2?oc=5\" target=\"_blank\" rel=\"nofollow noopener\">PSG &#8211; Tottenham : les notes du match<\/a>&nbsp;&nbsp;Foot Mercato<\/li>\n<\/ol>\n","protected":false},"excerpt":{"rendered":"Une sacr\u00e9e r\u00e9action et un nouveau titre&nbsp;&nbsp;Eurosport Supercoupe d&rsquo;Europe &#8211; Chevalier s&rsquo;est rattrap\u00e9, Za\u00efre-Emery s&rsquo;est rat\u00e9 : les&hellip;\n","protected":false},"author":2,"featured_media":1445,"comment_status":"","ping_status":"","sticky":false,"template":"","format":"standard","meta":{"footnotes":""},"categories":[1412],"tags":[1451,1452,1453,1454,1455,1011,27,60],"class_list":{"0":"post-317267","1":"post","2":"type-post","3":"status-publish","4":"format-standard","5":"has-post-thumbnail","7":"category-f1","8":"tag-f1","9":"tag-formula-1","10":"tag-formula1","11":"tag-formule-1","12":"tag-formule1","13":"tag-fr","14":"tag-france","15":"tag-sports"},"share_on_mastodon":{"url":"https:\/\/pubeurope.com\/@fr\/115023835509245911","error":""},"_links":{"self":[{"href":"https:\/\/www.europesays.com\/fr\/wp-json\/wp\/v2\/posts\/317267","targetHints":{"allow":["GET"]}}],"collection":[{"href":"https:\/\/www.europesays.com\/fr\/wp-json\/wp\/v2\/posts"}],"about":[{"href":"https:\/\/www.europesays.com\/fr\/wp-json\/wp\/v2\/types\/post"}],"author":[{"embeddable":true,"href":"https:\/\/www.europesays.com\/fr\/wp-json\/wp\/v2\/users\/2"}],"replies":[{"embeddable":true,"href":"https:\/\/www.europesays.com\/fr\/wp-json\/wp\/v2\/comments?post=317267"}],"version-history":[{"count":0,"href":"https:\/\/www.europesays.com\/fr\/wp-json\/wp\/v2\/posts\/317267\/revisions"}],"wp:featuredmedia":[{"embeddable":true,"href":"https:\/\/www.europesays.com\/fr\/wp-json\/wp\/v2\/media\/1445"}],"wp:attachment":[{"href":"https:\/\/www.europesays.com\/fr\/wp-json\/wp\/v2\/media?parent=317267"}],"wp:term":[{"taxonomy":"category","embeddable":true,"href":"https:\/\/www.europesays.com\/fr\/wp-json\/wp\/v2\/categories?post=317267"},{"taxonomy":"post_tag","embeddable":true,"href":"https:\/\/www.europesays.com\/fr\/wp-json\/wp\/v2\/tags?post=317267"}],"curies":[{"name":"wp","href":"https:\/\/api.w.org\/{rel}","templated":true}]}}