{"id":31727,"date":"2025-04-17T13:09:15","date_gmt":"2025-04-17T13:09:15","guid":{"rendered":"https:\/\/www.europesays.com\/fr\/31727\/"},"modified":"2025-04-17T13:09:15","modified_gmt":"2025-04-17T13:09:15","slug":"le-labo-des-transitions-propose-un-cafe-rencontres","status":"publish","type":"post","link":"https:\/\/www.europesays.com\/fr\/31727\/","title":{"rendered":"le Labo des transitions propose un caf\u00e9 rencontres"},"content":{"rendered":"<p>Samedi 5\u00a0avril, c\u2019est le troisi\u00e8me caf\u00e9 rencontres que le Labo des transitions proposait dans les biblioth\u00e8ques du Pays m\u00e9nigoutais. Apr\u00e8s M\u00e9nigoute et Vasles, c\u2019est donc \u00e0 Reffannes que Fran\u00e7ois Couturier a d\u00e9pos\u00e9 une s\u00e9rie de livres, qui seront en pr\u00eat pendant un mois. \u00ab\u00a0Le but de ces caf\u00e9s rencontres dans les trois biblioth\u00e8ques du territoire a \u00e9t\u00e9 de laisser des livres mais surtout de rencontrer les lecteurs afin de leur pr\u00e9senter l\u2019association et de discuter avec eux. \u00c0 M\u00e9nigoute, les personnes sont pass\u00e9es toute la matin\u00e9e tandis que, \u00e0 Vasles, les gens se sont install\u00e9s d\u00e8s dix heures et ont d\u00e9battu sous forme de table ronde.\u00a0\u00bb<\/p>\n<p>Les livres et magazines en d\u00e9p\u00f4t traitent de l\u2019\u00e9cologie et de tous les domaines qui peuvent y \u00eatre li\u00e9s\u00a0: habitat, \u00e9conomie, jardinage, agriculture, circuits locaux\u2026 \u00ab\u00a0C\u2019est une premi\u00e8re exp\u00e9rience, nous allons voir s\u2019il y a un int\u00e9r\u00eat pour les personnes qui fr\u00e9quentent les biblioth\u00e8ques. Les livres sont r\u00e9f\u00e9renc\u00e9s \u00e0 la biblioth\u00e8que de Vasles et donc susceptibles d\u2019\u00eatre emprunt\u00e9s.\u00a0\u00bb<\/p>\n<p>Le Labo des transitions propose aussi un cycle de cin\u00e9 d\u00e9bats en partenariat avec le Carug. Le prochain film, La Vac et Echang\u00e9he, le Territoire et Nous, sera pr\u00e9sent\u00e9 le 19\u00a0avril prochain \u00e0 la Fabrik \u00e0 Saint-Pardoux, en pr\u00e9sence des r\u00e9alisateurs. Cinq veill\u00e9es \u00ab\u00a0Au fil des granges\u00a0\u00bb sont programm\u00e9es en G\u00e2tine dans les deux mois \u00e0 venir avec des sujets sur l\u2019avenir de la G\u00e2tine.<\/p>\n","protected":false},"excerpt":{"rendered":"Samedi 5\u00a0avril, c\u2019est le troisi\u00e8me caf\u00e9 rencontres que le Labo des transitions proposait dans les biblioth\u00e8ques du Pays&hellip;\n","protected":false},"author":2,"featured_media":31728,"comment_status":"","ping_status":"","sticky":false,"template":"","format":"standard","meta":{"footnotes":""},"categories":[1357],"tags":[1379,1674,58,59,1011,27,1380,10750],"class_list":{"0":"post-31727","1":"post","2":"type-post","3":"status-publish","4":"format-standard","5":"has-post-thumbnail","7":"category-livres","8":"tag-books","9":"tag-communes","10":"tag-divertissement","11":"tag-entertainment","12":"tag-fr","13":"tag-france","14":"tag-livres","15":"tag-reffannes"},"share_on_mastodon":{"url":"https:\/\/pubeurope.com\/@fr\/114353469088075804","error":""},"_links":{"self":[{"href":"https:\/\/www.europesays.com\/fr\/wp-json\/wp\/v2\/posts\/31727","targetHints":{"allow":["GET"]}}],"collection":[{"href":"https:\/\/www.europesays.com\/fr\/wp-json\/wp\/v2\/posts"}],"about":[{"href":"https:\/\/www.europesays.com\/fr\/wp-json\/wp\/v2\/types\/post"}],"author":[{"embeddable":true,"href":"https:\/\/www.europesays.com\/fr\/wp-json\/wp\/v2\/users\/2"}],"replies":[{"embeddable":true,"href":"https:\/\/www.europesays.com\/fr\/wp-json\/wp\/v2\/comments?post=31727"}],"version-history":[{"count":0,"href":"https:\/\/www.europesays.com\/fr\/wp-json\/wp\/v2\/posts\/31727\/revisions"}],"wp:featuredmedia":[{"embeddable":true,"href":"https:\/\/www.europesays.com\/fr\/wp-json\/wp\/v2\/media\/31728"}],"wp:attachment":[{"href":"https:\/\/www.europesays.com\/fr\/wp-json\/wp\/v2\/media?parent=31727"}],"wp:term":[{"taxonomy":"category","embeddable":true,"href":"https:\/\/www.europesays.com\/fr\/wp-json\/wp\/v2\/categories?post=31727"},{"taxonomy":"post_tag","embeddable":true,"href":"https:\/\/www.europesays.com\/fr\/wp-json\/wp\/v2\/tags?post=31727"}],"curies":[{"name":"wp","href":"https:\/\/api.w.org\/{rel}","templated":true}]}}