{"id":317272,"date":"2025-08-13T22:35:11","date_gmt":"2025-08-13T22:35:11","guid":{"rendered":"https:\/\/www.europesays.com\/fr\/317272\/"},"modified":"2025-08-13T22:35:11","modified_gmt":"2025-08-13T22:35:11","slug":"brigitte-et-emmanuel-macron-soiree-a-limproviste-pour-le-couple-le-president-a-du-etre-protege","status":"publish","type":"post","link":"https:\/\/www.europesays.com\/fr\/317272\/","title":{"rendered":"Brigitte et Emmanuel Macron : soir\u00e9e \u00e0 l\u2019improviste pour le couple, le Pr\u00e9sident a d\u00fb \u00eatre \u201cprot\u00e9g\u00e9\u201d"},"content":{"rendered":"<p class=\"p1\">Brigitte et Emmanuel Macron profitent de l\u2019\u00e9t\u00e9 dans<br \/>\nle Var. Depuis le vendredi 25 juillet, le couple pr\u00e9sidentiel a \u00e9lu<br \/>\ndomicile au <a href=\"https:\/\/www.closermag.fr\/politique\/emmanuel-et-brigitte-macron-en-vacances-le-fort-de-bregancon-plus-une-prison-quun-palais-3569386\" rel=\"nofollow noopener\" target=\"_blank\"><br \/>\nfort de Br\u00e9gan\u00e7on<\/a>, \u00e0 <strong>Bormes-les-Mimosas<\/strong>. Pr\u00e8s<br \/>\nde trois semaines apr\u00e8s leur arriv\u00e9e, ils ont fait leur<br \/>\n<strong>premi\u00e8re sortie publique<\/strong> pour une occasion bien<br \/>\nparticuli\u00e8re.<\/p>\n<p class=\"p1\">En effet, le mardi 12 ao\u00fbt, le Pr\u00e9sident et sa femme<br \/>\nse sont rendus \u00e0 Ramatuelle. Ils ont ainsi assist\u00e9 \u00e0 la<br \/>\n<strong>derni\u00e8re soir\u00e9e du festival<\/strong>, qui c\u00e9l\u00e8bre cette<br \/>\nann\u00e9e ses 40 ans. \u00c0 cette occasion, <a href=\"https:\/\/www.closermag.fr\/people\/dany-boon-a-retrouve-lamour-il-souffle-ses-59-bougies-accompagne-de-sa-jolie-conjointe-3559153\" rel=\"nofollow noopener\" target=\"_blank\"><br \/>\nDany Boon<\/a> pr\u00e9sentait son nouveau spectacle, apr\u00e8s sept ans<br \/>\nd\u2019absence sur sc\u00e8ne.<\/p>\n<p>Emmanuel Macron a assist\u00e9 au spectacle de Dany<br \/>\nBoon<\/p>\n<p class=\"p1\">Selon les informations de <a href=\"https:\/\/www.varmatin.com\/politique\/exclusif-le-couple-macron-apercu-ce-mardi-soir-au-festival-de-ramatuelle-997927\" target=\"_blank\" rel=\"nofollow noopener\">Var-Matin<\/a>,<br \/>\nBrigitte et Emmanuel Macron sont \u201carriv\u00e9s \u00e0 l\u2019improviste, \u00e0 la<br \/>\nderni\u00e8re minute, une fois que tous les spectateurs \u00e9taient en<br \/>\nplace\u201d. Si le couple souhaitait visiblement <strong>rester<br \/>\ndiscret<\/strong>, il a tout de m\u00eame re\u00e7u un <strong>accueil<br \/>\nchaleureux<\/strong> du public. \u201cIls n\u2019\u00e9taient pas annonc\u00e9s et<br \/>\nont \u00e9t\u00e9 applaudis\u201d, a rapport\u00e9 un spectateur.<\/p>\n<p class=\"p1\">De son c\u00f4t\u00e9, Dany Boon n\u2019a fait aucune allusion \u00e0 la<br \/>\nvenue du chef de l\u2019\u00c9tat et de sa femme. Une attitude probablement<br \/>\nappr\u00e9ci\u00e9e par Emmanuel Macron, v\u00eatu pour l\u2019occasion d\u2019une simple<br \/>\n<strong>chemise blanche de saison<\/strong>. Il a ainsi pu se fondre<br \/>\ndans la foule et profiter du spectacle. Un \u00e9v\u00e9nement qui a<br \/>\nd\u2019ailleurs d\u00fb donner du baume au c\u0153ur \u00e0 <a href=\"https:\/\/www.closermag.fr\/people\/brigitte-macron-aux-obseques-de-sa-niece-avec-emmanuel-dans-le-cortege-ces-tristes-images-3567074\" rel=\"nofollow noopener\" target=\"_blank\"><br \/>\nBrigitte Macron<\/a>, <strong>r\u00e9cemment endeuill\u00e9e<\/strong> par la<br \/>\nperte de sa s\u0153ur et de sa ni\u00e8ce.<\/p>\n<p>Le Pr\u00e9sident a \u00e9t\u00e9 \u201cprot\u00e9g\u00e9\u201d d\u2019un<br \/>\ncoussin lanc\u00e9 dans le public<\/p>\n<p class=\"p1\">Comme tous les autres spectateurs, Brigitte et<br \/>\nEmmanuel Macron n\u2019ont pas manqu\u00e9 <strong>le traditionnel lancer de<br \/>\ncoussins<\/strong> qui ponctue chaque spectacle de <a href=\"https:\/\/www.closermag.fr\/people\/johnny-hallyday-a-quoi-ressemble-sa-sublime-villa-lorada-a-ramatuelle-3536818\" rel=\"nofollow noopener\" target=\"_blank\"><br \/>\nRamatuelle<\/a>. \u201cLes gardes du corps plac\u00e9s derri\u00e8re le<br \/>\nPr\u00e9sident l\u2019ont m\u00eame prot\u00e9g\u00e9 d\u2019un coussin venu du haut des<br \/>\ntribunes\u201d, a r\u00e9v\u00e9l\u00e9 un spectateur.<\/p>\n<p class=\"p1\">Finalement, le couple a quitt\u00e9 les lieux \u201cen<br \/>\ntoute discr\u00e9tion\u201d. Un moment de d\u00e9tente rare pour <a href=\"https:\/\/www.closermag.fr\/politique\/emmanuel-macron-le-patrick-sebastien-de-ca-balance-severe-sur-cnews-mais-le-timing-interpelle-3570550\" rel=\"nofollow noopener\" target=\"_blank\"><br \/>\nEmmanuel Macron<\/a>, qui est <strong>retourn\u00e9 \u00e0 ses<br \/>\nresponsabilit\u00e9s<\/strong> d\u00e8s le lendemain. En effet, il s\u2019est<br \/>\nentretenu dans l\u2019apr\u00e8s-midi du mercredi 13 ao\u00fbt avec ses homologues<br \/>\neurop\u00e9ens sur le sort de l\u2019Ukraine.<\/p>\n","protected":false},"excerpt":{"rendered":"Brigitte et Emmanuel Macron profitent de l\u2019\u00e9t\u00e9 dans le Var. Depuis le vendredi 25 juillet, le couple pr\u00e9sidentiel&hellip;\n","protected":false},"author":2,"featured_media":317273,"comment_status":"","ping_status":"","sticky":false,"template":"","format":"standard","meta":{"footnotes":""},"categories":[1359],"tags":[548,986,58,1073,59,1011,27,973],"class_list":{"0":"post-317272","1":"post","2":"type-post","3":"status-publish","4":"format-standard","5":"has-post-thumbnail","7":"category-people","8":"tag-article-simple","9":"tag-brigitte-macron","10":"tag-divertissement","11":"tag-emmanuel-macron","12":"tag-entertainment","13":"tag-fr","14":"tag-france","15":"tag-people"},"share_on_mastodon":{"url":"https:\/\/pubeurope.com\/@fr\/115023847324405341","error":""},"_links":{"self":[{"href":"https:\/\/www.europesays.com\/fr\/wp-json\/wp\/v2\/posts\/317272","targetHints":{"allow":["GET"]}}],"collection":[{"href":"https:\/\/www.europesays.com\/fr\/wp-json\/wp\/v2\/posts"}],"about":[{"href":"https:\/\/www.europesays.com\/fr\/wp-json\/wp\/v2\/types\/post"}],"author":[{"embeddable":true,"href":"https:\/\/www.europesays.com\/fr\/wp-json\/wp\/v2\/users\/2"}],"replies":[{"embeddable":true,"href":"https:\/\/www.europesays.com\/fr\/wp-json\/wp\/v2\/comments?post=317272"}],"version-history":[{"count":0,"href":"https:\/\/www.europesays.com\/fr\/wp-json\/wp\/v2\/posts\/317272\/revisions"}],"wp:featuredmedia":[{"embeddable":true,"href":"https:\/\/www.europesays.com\/fr\/wp-json\/wp\/v2\/media\/317273"}],"wp:attachment":[{"href":"https:\/\/www.europesays.com\/fr\/wp-json\/wp\/v2\/media?parent=317272"}],"wp:term":[{"taxonomy":"category","embeddable":true,"href":"https:\/\/www.europesays.com\/fr\/wp-json\/wp\/v2\/categories?post=317272"},{"taxonomy":"post_tag","embeddable":true,"href":"https:\/\/www.europesays.com\/fr\/wp-json\/wp\/v2\/tags?post=317272"}],"curies":[{"name":"wp","href":"https:\/\/api.w.org\/{rel}","templated":true}]}}