{"id":317274,"date":"2025-08-13T22:36:40","date_gmt":"2025-08-13T22:36:40","guid":{"rendered":"https:\/\/www.europesays.com\/fr\/317274\/"},"modified":"2025-08-13T22:36:40","modified_gmt":"2025-08-13T22:36:40","slug":"niki-de-saint-phalle-jean-tinguely-pontus-hulten","status":"publish","type":"post","link":"https:\/\/www.europesays.com\/fr\/317274\/","title":{"rendered":"Niki de Saint Phalle, Jean Tinguely, Pontus Hulten"},"content":{"rendered":"<p>Plongez dans l\u2019univers bouillonnant de Niki de Saint Phalle et Jean Tinguely \u00e0 travers le regard visionnaire de Pontus Hulten. Entre passion et cr\u00e9ation sans limites, cette exposition r\u00e9v\u00e8le l\u2019incroyable alchimie qui unit ces artistes et leur complice, b\u00e2tissant un art libre, participatif et r\u00e9volutionnaire.<\/p>\n<p><strong>Couple mythique, Niki de Saint Phalle (1930 \u2013 2002) et Jean Tinguely (1925 \u2013 1991) sont unis par un lien artistique ind\u00e9fectible et une vision commune de la cr\u00e9ation comme acte de r\u00e9bellion contre les normes \u00e9tablies.<\/strong><\/p>\n<p><strong>L\u2019exposition retrace l\u2019itin\u00e9raire prolifique de ces deux artistes \u00e0 travers la figure de Pontus Hulten (1924 \u2013 2006)<\/strong>, premier directeur du Mus\u00e9e national d\u2019art moderne au Centre Pompidou, qui partage leur conception d\u2019un art disruptif, pluridisciplinaire et participatif. Tout au long de sa carri\u00e8re, il fournit un soutien inconditionnel \u00e0 Saint Phalle et Tinguely : acquisitions d\u2019\u0153uvres, r\u00e9trospectives d\u00e9di\u00e9es, cartes blanches et appui \u00e0 des projets hors normes tels que la gigantesque Nana de l&rsquo;exposition Hon \u2013 en Katedral (1966) au Moderna Museet de Stockholm, ou l\u2019exposition Le Crocrodrome de Zig &amp; Puce (1977) dans le Forum du Centre Pompidou.<\/p>\n<p>N\u00e9e des riches collections du Centre Pompidou et de pr\u00eats majeurs d\u2019institutions fran\u00e7aises et \u00e9trang\u00e8res,<strong> \u00ab Niki de Saint Phalle, Jean Tinguely, Pontus Hulten \u00bb invite \u00e0 d\u00e9couvrir ou \u00e0 red\u00e9couvrir les \u0153uvres embl\u00e9matiques de ces deux artistes majeurs, port\u00e9s par un homme de mus\u00e9e d\u2019exception, au fil d\u2019un parcours historique et ludique o\u00f9 s\u2019entrelacent art, amour, amiti\u00e9 et engagement.<\/strong><\/p>\n<p>Les visiteurs de 18 \u00e0 25 ans peuvent b\u00e9n\u00e9ficier d\u2019une entr\u00e9e gratuite gr\u00e2ce \u00e0 <a href=\"https:\/\/www.grandpalais.fr\/fr\/magazine\/places-aux-jeunes-le-bon-plan-pour-les-26-ans\" target=\"_blank\" rel=\"nofollow noopener\">l\u2019op\u00e9ration \u00ab\u00a0Places aux Jeunes !\u202f\u00a0\u00bb<\/a>, en partenariat avec la Caisse d\u2019\u00c9pargne \u00cele-de-France.<\/p>\n<p><a href=\"https:\/\/grandpalaisrmn.fr\/qui-sommes-nous\" target=\"_blank\" rel=\"nofollow noopener\">Coproduction entre le Centre Pompidou et le GrandPalaisRmn<\/a><\/p>\n<p><strong>Commissariat<\/strong><\/p>\n<p>Sophie Duplaix, conservatrice en chef, service des collections contemporaines, Mus\u00e9e national d&rsquo;art moderne &#8211; Centre Pompidou<\/p>\n<p><strong>Sc\u00e9nographie <\/strong>: Laurence Fontaine<\/p>\n","protected":false},"excerpt":{"rendered":"Plongez dans l\u2019univers bouillonnant de Niki de Saint Phalle et Jean Tinguely \u00e0 travers le regard visionnaire de&hellip;\n","protected":false},"author":2,"featured_media":317275,"comment_status":"","ping_status":"","sticky":false,"template":"","format":"standard","meta":{"footnotes":""},"categories":[1358],"tags":[1348,1384,1385,1386,58,59,1011,27],"class_list":{"0":"post-317274","1":"post","2":"type-post","3":"status-publish","4":"format-standard","5":"has-post-thumbnail","7":"category-arts-et-design","8":"tag-arts","9":"tag-arts-and-design","10":"tag-arts-et-design","11":"tag-design","12":"tag-divertissement","13":"tag-entertainment","14":"tag-fr","15":"tag-france"},"share_on_mastodon":{"url":"https:\/\/pubeurope.com\/@fr\/115023852067568369","error":""},"_links":{"self":[{"href":"https:\/\/www.europesays.com\/fr\/wp-json\/wp\/v2\/posts\/317274","targetHints":{"allow":["GET"]}}],"collection":[{"href":"https:\/\/www.europesays.com\/fr\/wp-json\/wp\/v2\/posts"}],"about":[{"href":"https:\/\/www.europesays.com\/fr\/wp-json\/wp\/v2\/types\/post"}],"author":[{"embeddable":true,"href":"https:\/\/www.europesays.com\/fr\/wp-json\/wp\/v2\/users\/2"}],"replies":[{"embeddable":true,"href":"https:\/\/www.europesays.com\/fr\/wp-json\/wp\/v2\/comments?post=317274"}],"version-history":[{"count":0,"href":"https:\/\/www.europesays.com\/fr\/wp-json\/wp\/v2\/posts\/317274\/revisions"}],"wp:featuredmedia":[{"embeddable":true,"href":"https:\/\/www.europesays.com\/fr\/wp-json\/wp\/v2\/media\/317275"}],"wp:attachment":[{"href":"https:\/\/www.europesays.com\/fr\/wp-json\/wp\/v2\/media?parent=317274"}],"wp:term":[{"taxonomy":"category","embeddable":true,"href":"https:\/\/www.europesays.com\/fr\/wp-json\/wp\/v2\/categories?post=317274"},{"taxonomy":"post_tag","embeddable":true,"href":"https:\/\/www.europesays.com\/fr\/wp-json\/wp\/v2\/tags?post=317274"}],"curies":[{"name":"wp","href":"https:\/\/api.w.org\/{rel}","templated":true}]}}