{"id":317278,"date":"2025-08-13T22:38:09","date_gmt":"2025-08-13T22:38:09","guid":{"rendered":"https:\/\/www.europesays.com\/fr\/317278\/"},"modified":"2025-08-13T22:38:09","modified_gmt":"2025-08-13T22:38:09","slug":"faire-tres-attention-en-indonesie-les-vacances-de-tracy-maries-au-premier-regard-a-bali-avec-son-nouveau-compagnon-ont-mal-tourne","status":"publish","type":"post","link":"https:\/\/www.europesays.com\/fr\/317278\/","title":{"rendered":"\u00ab\u00a0Faire tr\u00e8s attention en Indon\u00e9sie\u00a0\u00bb : Les vacances de Tracy (Mari\u00e9s au premier regard) \u00e0 Bali, avec son nouveau compagnon, ont mal tourn\u00e9"},"content":{"rendered":"<p>La suite apr\u00e8s la publicit\u00e9<\/p>\n<p>Ce devait \u00eatre un voyage de r\u00eave. Et il a fini par tourner au cauchemar. D\u00e9but ao\u00fbt, <a href=\"https:\/\/www.purepeople.com\/article\/maries-au-premier-regard-tracy-prete-a-avoir-un-bebe-avec-florian-sa-reponse-avant-meme-la-diffusion-du-bilan_a523496\/1\" rel=\"nofollow noopener\" target=\"_blank\">Tracy<\/a>, d\u00e9couverte dans la saison 8 de Mari\u00e9s au premier regard sur M6, annon\u00e7ait \u00e0 ses 169 000 followers sur Instagram qu&rsquo;elle \u00e9tait partie \u00e0 <strong>Bali, en Indon\u00e9sie<\/strong>, pour trois semaines de road trip. \u00ab\u00a0Un voyage de plus, mais pas n\u2019importe lequel. \u00c7a faisait des ann\u00e9es que je n\u2019\u00e9tais pas partie aussi longtemps\u2026\u00a0\u00bb, confiait-elle. Des vacances partag\u00e9es non pas avec <a href=\"https:\/\/www.purepeople.com\/article\/tracy-maries-au-premier-regard-en-dit-plus-sur-sa-rupture-inevitable-avec-flo-et-evoque-leur-relation-depuis_a535352\/1\" rel=\"nofollow noopener\" target=\"_blank\">Florian dont elle s&rsquo;est s\u00e9par\u00e9e en f\u00e9vrier 2025<\/a> mais <a href=\"https:\/\/www.purepeople.com\/article\/il-y-a-quelquun-dans-ma-vie-oublie-flo-tracy-maries-au-premier-regard-est-en-couple-elle-en-dit-plus-sur-son-compagnon_a539454\/1\" rel=\"nofollow noopener\" target=\"_blank\">avec son nouveau ch\u00e9ri, dont elle garde l&rsquo;identit\u00e9 secr\u00e8te pour le moment <\/a>et des amis \u00e0 eux. Mais apr\u00e8s avoir d\u00e9laiss\u00e9 ses r\u00e9seaux sociaux pendant plusieurs jours, l&rsquo;influenceuse est r\u00e9apparue ce mercredi 13 ao\u00fbt en postant une<strong> vid\u00e9o.<\/strong> L&rsquo;ancienne manager dans le pr\u00eat-\u00e0-porter \u00e9tait pr\u00e9c\u00e9demment allong\u00e9e dans un lit d&rsquo;h\u00f4pital et sous perfusion, avec n\u00e9anmoins le sourire aux l\u00e8vres. Avec en l\u00e9gende : \u00ab\u00a0Toujours garder le smile m\u00eame quand on est dans les choux. En vrai, je rigole mais je n&rsquo;\u00e9tais pas bien.\u00a0\u00bb<\/p>\n<p>Cette sc\u00e8ne s&rsquo;est d\u00e9roul\u00e9e le 10 ao\u00fbt dernier. Trois jours plus tard, la cr\u00e9atrice de contenus a racont\u00e9 ce qui lui \u00e9tait arriv\u00e9. \u00ab\u00a0En rentrant, j&rsquo;ai \u00e9t\u00e9 aux toilettes d&rsquo;un coup. Mais, je ne me suis pas inqui\u00e9t\u00e9e parce qu&rsquo;ici on ne mange pas de la m\u00eame fa\u00e7on donc \u00e7a peut arriver un petit \u00e9pisode. Sauf que \u00e7a s&rsquo;est transform\u00e9 en cauchemar\u00a0\u00bb, a confi\u00e9 celle qui a \u00e9t\u00e9 <a href=\"https:\/\/www.purepeople.com\/article\/exclu-tracy-maries-au-premier-regard-2024-en-famille-d-accueil-pourquoi-son-papa-n-a-pas-obtenu-sa-garde_a520770\/1\" rel=\"nofollow noopener\" target=\"_blank\">plac\u00e9e en famille d&rsquo;accueil durant son enfance<\/a>. Avant de d\u00e9tailler ce qui s&rsquo;\u00e9tait pass\u00e9 : \u00ab\u00a0On est partis sur l&rsquo;\u00eele de Lembogan. Et arriv\u00e9e ici, il y a eu une nuit, j&rsquo;ai eu un <strong>pic de fi\u00e8vre<\/strong>. J\u2019ai carr\u00e9ment vu quelqu\u2019un dans la chambre dans la nuit. Je me suis r\u00e9veill\u00e9e en panique.\u00a0[&#8230;] Je me suis dit : wow, je commence \u00e0 avoir des <strong>hallucinations<\/strong>, \u00e7a ne va pas du tout.\u00a0\u00bb\u00a0<\/p>\n<p>Le lendemain, alors qu&rsquo;ils \u00e9taient au restaurant, la jeune trentenaire s&rsquo;est sentie \u00e0 nouveau mal : \u00ab\u00a0Je me suis endormie sur la table du resto, la fi\u00e8vre a commenc\u00e9 \u00e0 revenir.\u00a0\u00bb Son compagnon s&rsquo;est alarm\u00e9 : \u00ab\u00a0Il ma dit : &lsquo;\u00e9coute, l\u00e0 c\u2019est pas possible en fait ton \u00e9tat, il faut aller \u00e0 l\u2019h\u00f4pital.&rsquo; Il m&rsquo;a trouv\u00e9 une clinique, il m&rsquo;a emmen\u00e9 l\u00e0-bas en scooter.\u00a0\u00bb Sur place, sa tension est basse. \u00ab\u00a0On m&rsquo;a mise sous perfusion. On est rest\u00e9s quatre heures et trente minutes l\u00e0-bas.\u00a0\u00bb Mais la situation se d\u00e9grade : \u00ab\u00a0Mon <strong>rythme cardiaque s\u2019est affol\u00e9<\/strong> de ouf, c&rsquo;est \u00e0 dire que j&rsquo;ai compt\u00e9 et encore j&rsquo;ai pas r\u00e9ussi \u00e0 bien suivre la cadence parce qu&rsquo;il battait tr\u00e8s fort, j&rsquo;\u00e9tais entre 125 et 130 battements par minute, j&rsquo;ai commenc\u00e9 \u00e0 avoir tr\u00e8s tr\u00e8s mal dans la poitrine et <strong>je voyais flou.<\/strong>\u00a0\u00bb\u00a0Tracy panique : \u00ab\u00a0Je me suis dit : &lsquo;<strong>je vais claquer \u00e0 Bali, c\u2019est s\u00fbr.<\/strong> J&rsquo;appelle l&rsquo;infirmi\u00e8re. Elle me dit : \u00ab\u00a0c&rsquo;est normal\u00a0\u00bb. \u00c7a se calme. On passe plusieurs heures l\u00e0-bas. Je rentre.\u00a0\u00bb Cependant, le lendemain, \u00ab\u00a0c&rsquo;est pire\u00a0\u00bb : \u00ab\u00a0J&rsquo;ai beaucoup de sang dans les selles. Jusqu&rsquo;\u00e0 hier.\u00a0\u00bb Apr\u00e8s avoir fait des analyses sanguines, on lui d\u00e9couvre une <strong>bact\u00e9rie dans le tube digestif<\/strong>.<\/p>\n<p>Un syst\u00e8me immunitaire \u00ab\u00a0au ras des p\u00e2querettes\u00a0\u00bb<\/p>\n<p>\u00ab\u00a0C&rsquo;est le &lsquo;Bali Belly&rsquo; mais en version hardcore. Ce sont des \u00e9pisodes de <strong>gastro-ent\u00e9rite aig\u00fce<\/strong> ici parce que l&rsquo;eau n&rsquo;est pas potable, je me suis lav\u00e9e les dents avec l&rsquo;eau du robinet. J&rsquo;adore les fruits, les l\u00e9gumes. Ils ont pu \u00eatre mal lav\u00e9s ou alors dans les gla\u00e7ons. Je pense que <strong>mon syst\u00e8me immunitaire \u00e9tait au ras des p\u00e2querettes<\/strong> donc la bact\u00e9rie s&rsquo;est install\u00e9e\u00a0\u00bb, a-t-elle expliqu\u00e9. Aujourd&rsquo;hui, l&rsquo;influenceuse se sent \u00ab\u00a0un peu mieux\u00a0\u00bb : \u00ab\u00a0Les antibios commencent \u00e0 faire effet. J\u2019ai une taille de gu\u00eape l\u00e0, je pense que j\u2019ai tout \u00e9limin\u00e9.\u00a0\u00bb Puis de conclure : \u00ab\u00a0Faire tr\u00e8s attention en Indon\u00e9sie. L\u00e0, je ne mange plus de fruits, plus de l\u00e9gumes. J&rsquo;ai juste pas eu de chance.\u00a0\u00bb On lui souhaite une fin de s\u00e9jour moins mouvement\u00e9e !<\/p>\n<p>\u00a0<\/p>\n","protected":false},"excerpt":{"rendered":"La suite apr\u00e8s la publicit\u00e9 Ce devait \u00eatre un voyage de r\u00eave. Et il a fini par tourner&hellip;\n","protected":false},"author":2,"featured_media":317279,"comment_status":"","ping_status":"","sticky":false,"template":"","format":"standard","meta":{"footnotes":""},"categories":[1356],"tags":[58,59,1011,27,252,1364],"class_list":{"0":"post-317278","1":"post","2":"type-post","3":"status-publish","4":"format-standard","5":"has-post-thumbnail","7":"category-television","8":"tag-divertissement","9":"tag-entertainment","10":"tag-fr","11":"tag-france","12":"tag-television","13":"tag-tv"},"share_on_mastodon":{"url":"","error":""},"_links":{"self":[{"href":"https:\/\/www.europesays.com\/fr\/wp-json\/wp\/v2\/posts\/317278","targetHints":{"allow":["GET"]}}],"collection":[{"href":"https:\/\/www.europesays.com\/fr\/wp-json\/wp\/v2\/posts"}],"about":[{"href":"https:\/\/www.europesays.com\/fr\/wp-json\/wp\/v2\/types\/post"}],"author":[{"embeddable":true,"href":"https:\/\/www.europesays.com\/fr\/wp-json\/wp\/v2\/users\/2"}],"replies":[{"embeddable":true,"href":"https:\/\/www.europesays.com\/fr\/wp-json\/wp\/v2\/comments?post=317278"}],"version-history":[{"count":0,"href":"https:\/\/www.europesays.com\/fr\/wp-json\/wp\/v2\/posts\/317278\/revisions"}],"wp:featuredmedia":[{"embeddable":true,"href":"https:\/\/www.europesays.com\/fr\/wp-json\/wp\/v2\/media\/317279"}],"wp:attachment":[{"href":"https:\/\/www.europesays.com\/fr\/wp-json\/wp\/v2\/media?parent=317278"}],"wp:term":[{"taxonomy":"category","embeddable":true,"href":"https:\/\/www.europesays.com\/fr\/wp-json\/wp\/v2\/categories?post=317278"},{"taxonomy":"post_tag","embeddable":true,"href":"https:\/\/www.europesays.com\/fr\/wp-json\/wp\/v2\/tags?post=317278"}],"curies":[{"name":"wp","href":"https:\/\/api.w.org\/{rel}","templated":true}]}}