{"id":317280,"date":"2025-08-13T22:39:10","date_gmt":"2025-08-13T22:39:10","guid":{"rendered":"https:\/\/www.europesays.com\/fr\/317280\/"},"modified":"2025-08-13T22:39:10","modified_gmt":"2025-08-13T22:39:10","slug":"la-camargue-est-un-lieu-magique-pour-kendji-girac-en-concert-aux-saintes-maries-de-la-mer","status":"publish","type":"post","link":"https:\/\/www.europesays.com\/fr\/317280\/","title":{"rendered":"\u00ab\u00a0La Camargue est un lieu magique\u00a0\u00bb pour Kendji Girac en concert aux Saintes-Maries-de-la-Mer"},"content":{"rendered":"<p>D\u00e9j\u00e0 dix bougies \u00e0 souffler et des titres que la plupart des Fran\u00e7ais ont fredonn\u00e9s. Pour c\u00e9l\u00e9brer ses dix ans de carri\u00e8re, \u00e0 seulement 29\u00a0ans, <a href=\"https:\/\/www.laprovence.com\/article\/region\/5654688558636414\/kendji-embrase-le-chateau-de-l-emperi-entre-ferveur-emotion-et-retrouvailles\" target=\"_blank\" rel=\"noopener\">Kendji Girac s\u2019appr\u00eate \u00e0 enflammer les plus grandes sc\u00e8nes<\/a> de France avec sa tourn\u00e9e \u00ab\u00a0Nos\u00a010 ans\u00a0\u00bb. Celui qui a su populariser la musique gitane aupr\u00e8s du grand public fera notamment escale en Camargue ce lundi 18\u00a0ao\u00fbt au domaine Le Sauvage, aux Saintes-Maries-de-la-Mer.<\/p>\n","protected":false},"excerpt":{"rendered":"D\u00e9j\u00e0 dix bougies \u00e0 souffler et des titres que la plupart des Fran\u00e7ais ont fredonn\u00e9s. Pour c\u00e9l\u00e9brer ses&hellip;\n","protected":false},"author":2,"featured_media":317281,"comment_status":"","ping_status":"","sticky":false,"template":"","format":"standard","meta":{"footnotes":""},"categories":[1355],"tags":[17,18203,58,59,932,1011,27,13693,4743,7018,45578,1361,873,471,16],"class_list":{"0":"post-317280","1":"post","2":"type-post","3":"status-publish","4":"format-standard","5":"has-post-thumbnail","7":"category-musique","8":"tag-17","9":"tag-camargue","10":"tag-divertissement","11":"tag-entertainment","12":"tag-est","13":"tag-fr","14":"tag-france","15":"tag-kendji","16":"tag-la","17":"tag-lieu","18":"tag-magique","19":"tag-music","20":"tag-musique","21":"tag-pour","22":"tag-region"},"share_on_mastodon":{"url":"https:\/\/pubeurope.com\/@fr\/115023863086097059","error":""},"_links":{"self":[{"href":"https:\/\/www.europesays.com\/fr\/wp-json\/wp\/v2\/posts\/317280","targetHints":{"allow":["GET"]}}],"collection":[{"href":"https:\/\/www.europesays.com\/fr\/wp-json\/wp\/v2\/posts"}],"about":[{"href":"https:\/\/www.europesays.com\/fr\/wp-json\/wp\/v2\/types\/post"}],"author":[{"embeddable":true,"href":"https:\/\/www.europesays.com\/fr\/wp-json\/wp\/v2\/users\/2"}],"replies":[{"embeddable":true,"href":"https:\/\/www.europesays.com\/fr\/wp-json\/wp\/v2\/comments?post=317280"}],"version-history":[{"count":0,"href":"https:\/\/www.europesays.com\/fr\/wp-json\/wp\/v2\/posts\/317280\/revisions"}],"wp:featuredmedia":[{"embeddable":true,"href":"https:\/\/www.europesays.com\/fr\/wp-json\/wp\/v2\/media\/317281"}],"wp:attachment":[{"href":"https:\/\/www.europesays.com\/fr\/wp-json\/wp\/v2\/media?parent=317280"}],"wp:term":[{"taxonomy":"category","embeddable":true,"href":"https:\/\/www.europesays.com\/fr\/wp-json\/wp\/v2\/categories?post=317280"},{"taxonomy":"post_tag","embeddable":true,"href":"https:\/\/www.europesays.com\/fr\/wp-json\/wp\/v2\/tags?post=317280"}],"curies":[{"name":"wp","href":"https:\/\/api.w.org\/{rel}","templated":true}]}}