{"id":317284,"date":"2025-08-13T22:41:10","date_gmt":"2025-08-13T22:41:10","guid":{"rendered":"https:\/\/www.europesays.com\/fr\/317284\/"},"modified":"2025-08-13T22:41:10","modified_gmt":"2025-08-13T22:41:10","slug":"seine-saint-denis-deux-cas-autochtones-du-virus-du-nil-occidental-detectes-actualites","status":"publish","type":"post","link":"https:\/\/www.europesays.com\/fr\/317284\/","title":{"rendered":"Seine-Saint-Denis : deux cas autochtones du virus du Nil occidental d\u00e9tect\u00e9s : Actualit\u00e9s"},"content":{"rendered":"<p class=\"lead \"><strong>Apr\u00e8s plusieurs cas recens\u00e9s en r\u00e9gion PACA, le virus du Nil a \u00e9t\u00e9 rep\u00e9r\u00e9 en \u00eele de France o\u00f9 deux cas autochtones ont \u00e9t\u00e9 identifi\u00e9s.<\/strong><\/p>\n<p class=\"lead \">Le Virus du Nil s\u2019est invit\u00e9 r\u00e9cemment en \u00eele de France et plus pr\u00e9cis\u00e9ment en Seine-Saint-Denis. Mercredi 13 ao\u00fbt, l\u2019<a href=\"https:\/\/www.iledefrance.ars.sante.fr\/virus-du-nil-occidental-west-nile-deux-cas-autochtones-confirmes-en-ile-de-france\" target=\"_blank\" rel=\"nofollow noopener\">Agence r\u00e9gionale de sant\u00e9<\/a> (ARS) d\u2019\u00eele-de-France a indiqu\u00e9 dans un communiqu\u00e9 que deux personnes r\u00e9sidants r\u00e9sidant en Seine saint denis ont \u00e9t\u00e9 d\u00e9tect\u00e9s. \u201cIl s\u2019agit des premi\u00e8res identifications de transmission locale vectorielle du virus West Nile en \u00cele-de-France\u201d indique l\u2019ARS.<\/p>\n<p class=\"lead \">Depuis le 30 juillet dernier, cinq cas autochtones ont \u00e9t\u00e9 enregistr\u00e9s en r\u00e9gion Paca dont trois \u00e0 Hy\u00e8res, dans le Var. Pour rappel, des cas autochtones r\u00e9sultent d\u2019une contamination sur place. L\u2019ann\u00e9e derni\u00e8re une quarantaine de cas ont \u00e9t\u00e9 recens\u00e9s mais c\u2019est la premi\u00e8re fois que le virus est d\u00e9tect\u00e9 si loin dans le nord de la France.<\/p>\n<p>                                                                                                Un virus transport\u00e9 par les oiseaux et transmis par les moustiques<\/p>\n<p class=\"lead \">Mais alors comment ce virus a-t-il atterri en Seine Saint Denis ? Le virus du Nil occidental est transport\u00e9 par les oiseaux et transmis \u00e0 l\u2019homme par le biais des moustiques du genre \u201cCulex\u201d, une esp\u00e8ce distincte du moustique-tigre.<\/p>\n<p class=\"lead \">Dans 80% des cas, chez l\u2019homme, cette infection passe inaper\u00e7ue. Dans 20 % des cas, elle ressemble \u00e0 une simple grippe. Tr\u00e8s rarement, chez certaines personnes immunod\u00e9prim\u00e9es ou \u00e2g\u00e9es, le virus entra\u00eene des troubles neurologiques pouvant mener au d\u00e9c\u00e8s. Face au danger, L\u2019ARS invite les malades qui pr\u00e9sentent les sympt\u00f4mes suivants : une fi\u00e8vre d\u2019apparition brutale, des maux de t\u00eate, des douleurs musculaires ou encore des troubles du comportement ou des propos incoh\u00e9rents, \u00e0 consulter imm\u00e9diatement leur m\u00e9decin.<\/p>\n<p class=\"lead \">l\u2019Agence r\u00e9gionale de sant\u00e9 a \u00e9galement tenu \u00e0 rappeler les mesures de protection individuelle \u00e0 mettre en place contre le moustique \u201cCulex\u201d: \u201cPorter des v\u00eatements couvrants et amples, surtout en soir\u00e9e. Utiliser des r\u00e9pulsifs adapt\u00e9s. Installer des moustiquaires aux portes et aux fen\u00eatres. Et enfin, utiliser des diffuseurs \u00e9lectriques \u00e0 l\u2019int\u00e9rieur et des serpentins insecticides uniquement \u00e0 l\u2019ext\u00e9rieur.<\/p>\n<p class=\"small font-weight-bold text-gray3 \"> publi\u00e9 le 13 ao\u00fbt \u00e0 17h03, Arnaud Enjourbault, 6Medias<\/p>\n<p>                             Partager<\/p>\n","protected":false},"excerpt":{"rendered":"Apr\u00e8s plusieurs cas recens\u00e9s en r\u00e9gion PACA, le virus du Nil a \u00e9t\u00e9 rep\u00e9r\u00e9 en \u00eele de France&hellip;\n","protected":false},"author":2,"featured_media":317285,"comment_status":"","ping_status":"","sticky":false,"template":"","format":"standard","meta":{"footnotes":""},"categories":[10],"tags":[1011,27,72,71],"class_list":{"0":"post-317284","1":"post","2":"type-post","3":"status-publish","4":"format-standard","5":"has-post-thumbnail","7":"category-sante","8":"tag-fr","9":"tag-france","10":"tag-health","11":"tag-sante"},"share_on_mastodon":{"url":"https:\/\/pubeurope.com\/@fr\/115023870956626824","error":""},"_links":{"self":[{"href":"https:\/\/www.europesays.com\/fr\/wp-json\/wp\/v2\/posts\/317284","targetHints":{"allow":["GET"]}}],"collection":[{"href":"https:\/\/www.europesays.com\/fr\/wp-json\/wp\/v2\/posts"}],"about":[{"href":"https:\/\/www.europesays.com\/fr\/wp-json\/wp\/v2\/types\/post"}],"author":[{"embeddable":true,"href":"https:\/\/www.europesays.com\/fr\/wp-json\/wp\/v2\/users\/2"}],"replies":[{"embeddable":true,"href":"https:\/\/www.europesays.com\/fr\/wp-json\/wp\/v2\/comments?post=317284"}],"version-history":[{"count":0,"href":"https:\/\/www.europesays.com\/fr\/wp-json\/wp\/v2\/posts\/317284\/revisions"}],"wp:featuredmedia":[{"embeddable":true,"href":"https:\/\/www.europesays.com\/fr\/wp-json\/wp\/v2\/media\/317285"}],"wp:attachment":[{"href":"https:\/\/www.europesays.com\/fr\/wp-json\/wp\/v2\/media?parent=317284"}],"wp:term":[{"taxonomy":"category","embeddable":true,"href":"https:\/\/www.europesays.com\/fr\/wp-json\/wp\/v2\/categories?post=317284"},{"taxonomy":"post_tag","embeddable":true,"href":"https:\/\/www.europesays.com\/fr\/wp-json\/wp\/v2\/tags?post=317284"}],"curies":[{"name":"wp","href":"https:\/\/api.w.org\/{rel}","templated":true}]}}