{"id":317288,"date":"2025-08-13T22:43:11","date_gmt":"2025-08-13T22:43:11","guid":{"rendered":"https:\/\/www.europesays.com\/fr\/317288\/"},"modified":"2025-08-13T22:43:11","modified_gmt":"2025-08-13T22:43:11","slug":"a-noisy-le-sec-la-projection-en-plein-air-de-barbie-annulee-apres-des-pressions-liberation","status":"publish","type":"post","link":"https:\/\/www.europesays.com\/fr\/317288\/","title":{"rendered":"A Noisy-le-Sec, la projection en plein air de \u00abBarbie\u00bb annul\u00e9e apr\u00e8s des pressions \u2013 Lib\u00e9ration"},"content":{"rendered":"<p class=\"sc-ksZaOG ehjQrN text-element\">Pour la troisi\u00e8me ann\u00e9e cons\u00e9cutive, la municipalit\u00e9 de Noisy-le-Sec a consult\u00e9 ses habitants sur le site de la commune et dans les pages de son magazine pour \u00e9laborer la programmation des s\u00e9ances estivales de cin\u00e9ma en plein air. Parmi les films retenus : Barbie. Sorti en 2023, <a href=\"https:\/\/www.liberation.fr\/culture\/cinema\/greta-gerwig-a-la-tete-du-jury-du-festival-de-cannes-2024-la-presidente-qui-valait-un-milliard-20231214_CTWPM2FDM5DKLLWM6ODJ2PM7Z4\/\" target=\"_blank\" rel=\"noreferrer nofollow noopener\" title=\"https:\/\/www.liberation.fr\/culture\/cinema\/greta-gerwig-a-la-tete-du-jury-du-festival-de-cannes-2024-la-presidente-qui-valait-un-milliard-20231214_CTWPM2FDM5DKLLWM6ODJ2PM7Z4\/\">le film de Greta Gerwig<\/a> avait connu <a href=\"https:\/\/www.liberation.fr\/culture\/cinema\/barbie-depasse-deja-le-milliard-de-dollars-de-recettes-dans-le-monde-20230807_XFWZBK7VURAOFCCOXEXVEKRGIM\/\" target=\"_blank\" rel=\"noreferrer nofollow noopener\" title=\"https:\/\/www.liberation.fr\/culture\/cinema\/barbie-depasse-deja-le-milliard-de-dollars-de-recettes-dans-le-monde-20230807_XFWZBK7VURAOFCCOXEXVEKRGIM\/\">un succ\u00e8s mondial, attirant notamment pr\u00e8s de 6 millions de spectateurs en France.<\/a> Malgr\u00e9 cette popularit\u00e9, le choix du long-m\u00e9trage n\u2019\u00e9tait visiblement pas au go\u00fbt d\u2019un petit groupe d\u2019habitants du quartier du Londeau, o\u00f9 il devait \u00eatre projet\u00e9, vendredi 8 ao\u00fbt. D\u2019apr\u00e8s un communiqu\u00e9 d\u2019Olivier Sarrabeyrouse, le maire PCF de la ville, ces derniers ont \u00abmobilis\u00e9 [leur] \u00e9nergie sous la pression d\u2019un individu pour emp\u00eacher la projection de ce film, pourtant class\u00e9 tout public en France lors de sa sortie au cin\u00e9ma\u00bb.<\/p>\n<p class=\"sc-ksZaOG ehjQrN text-element\">Toujours selon l\u2019\u00e9lu, les censeurs ont menac\u00e9 de violences les agents de la ville charg\u00e9s de l\u2019organisation de la s\u00e9ance, comme cela avait d\u00e9j\u00e0 \u00e9t\u00e9 le cas par le pass\u00e9 dans ce m\u00eame quartier. \u00abCes menaces ont \u00e9t\u00e9 motiv\u00e9es par des arguments fallacieux, traduisant l\u2019obscurantisme et le fondamentalisme instrumentalis\u00e9s \u00e0 des fins politiques\u00bb, pr\u00e9cise Olivier Sarrabeyrouse alors que Barbie avait \u00e9t\u00e9 consid\u00e9r\u00e9 comme trop \u00abwoke\u00bb et <a href=\"https:\/\/www.liberation.fr\/culture\/cinema\/algerie-koweit-vietnam-ces-pays-qui-interdisent-la-diffusion-du-film-barbie-20230815_YZFUXHCXFVD6BNCLIYORD7EAQI\/\" target=\"_blank\" rel=\"noreferrer nofollow noopener\" title=\"https:\/\/www.liberation.fr\/culture\/cinema\/algerie-koweit-vietnam-ces-pays-qui-interdisent-la-diffusion-du-film-barbie-20230815_YZFUXHCXFVD6BNCLIYORD7EAQI\/\">censur\u00e9 au Kowe\u00eft, en Alg\u00e9rie ou au Liban.<\/a> \u00abFace aux tensions, la s\u00e9ance a d\u00fb \u00eatre annul\u00e9e, au grand d\u00e9sespoir des habitant.e.s qui souhaitaient y participer\u00bb, d\u00e9plore le maire communiste. Ce dernier regretta qu\u2019\u00abune extr\u00eame minorit\u00e9 de voyous, qui, sans doute, n\u2019a pas vu le film, [ait] transform\u00e9 une simple s\u00e9ance de cin\u00e9ma plein air gratuite et ouverte \u00e0 toutes et tous en un mouvement d\u2019opposition violent\u00bb.<\/p>\n<p class=\"sc-ksZaOG ehjQrN text-element\">Une situation qui n\u2019a pas manqu\u00e9 de faire r\u00e9agir la ministre de la Culture. <a href=\"https:\/\/x.com\/datirachida\/status\/1955594138302476704\" target=\"_blank\" rel=\"noreferrer nofollow\" title=\"https:\/\/x.com\/datirachida\/status\/1955594138302476704\">Sur X<\/a>, Rachida Dati d\u00e9plore \u00abune atteinte grave \u00e0 la programmation privant familles et enfants d\u2019une activit\u00e9 culturelle\u00bb. \u00abDepuis un an, j\u2019ai pris des mesures fermes contre ces atteintes graves devenues une nouvelle forme de d\u00e9linquance\u00bb, a-t-elle ajout\u00e9, pr\u00e9cisant qu\u2019\u00abune plainte est en cours\u00bb. Cette derni\u00e8re sera d\u00e9pos\u00e9e pour \u00abentrave \u00e0 l\u2019exercice de la libert\u00e9 de diffusion de la cr\u00e9ation artistique\u00bb, a pr\u00e9cis\u00e9 le minist\u00e8re. Critiqu\u00e9 pour avoir \u00abc\u00e9d\u00e9\u00bb \u00e0 la pression, Olivier Sarrabeyrouse insiste avoir \u00abagi en tant que maire responsable pour la s\u00e9curit\u00e9 des agents et des familles\u00bb, fustigeant une r\u00e9cup\u00e9ration de la pol\u00e9mique par l\u2019extr\u00eame droite.<\/p>\n<p class=\"sc-ksZaOG ehjQrN text-element\">\u00abCe sont encore une fois les familles et les enfants qui ne partent pas en vacances qui sont priv\u00e9s de ces moments pr\u00e9cieux de convivialit\u00e9 et de culture durant l\u2019\u00e9t\u00e9\u00bb, a regrett\u00e9 <a href=\"https:\/\/x.com\/TrouveAurelie\/status\/1955360781127536718\" target=\"_blank\" rel=\"noreferrer nofollow\" title=\"https:\/\/x.com\/TrouveAurelie\/status\/1955360781127536718\">sur X<\/a> Aur\u00e9lie Trouv\u00e9, d\u00e9put\u00e9e insoumise de la circonscription. \u00abLa culture doit rester un outil d\u2019\u00e9mancipation, d\u2019unit\u00e9 et d\u2019ouverture pour toutes et tous. Elle ne peut \u00eatre confisqu\u00e9e\u00bb, a-t-elle ajout\u00e9, se disant constern\u00e9e.<\/p>\n<p class=\"sc-ksZaOG ehjQrN text-element\">Au plus fort de son succ\u00e8s, le film dans lequel <a href=\"https:\/\/www.liberation.fr\/culture\/cinema\/nomination-aux-oscars-et-aux-cesars-arretez-de-vouloir-tout-gagner-20240125_GAXVWZUNJBB2RDFROAX35LYEDI\/\" target=\"_blank\" rel=\"noreferrer nofollow noopener\" title=\"https:\/\/www.liberation.fr\/culture\/cinema\/nomination-aux-oscars-et-aux-cesars-arretez-de-vouloir-tout-gagner-20240125_GAXVWZUNJBB2RDFROAX35LYEDI\/\">Margot Robbie et Ryan Gosling tiennent la t\u00eate d\u2019affiche<\/a> avait suscit\u00e9 de violentes pol\u00e9miques venues \u00e0 la fois de la droite r\u00e9actionnaire et d\u2019obscurantistes religieux. Deux ans apr\u00e8s sa sortie, Barbie continue visiblement d\u2019irriter ses d\u00e9tracteurs. \u00abQuand certain.e.s accusent le film de \u201cmettre en avant des histoires de personnages lesbiennes, gays, bisexuels et transsexuels (sic)\u201d, d\u2019autres condamnent une \u201cpropagande n\u00e9of\u00e9ministe\u201d\u00bb, pointe Olivier Sarrabeyrouse qui en profite pour rappeler que \u00absi c\u2019est le cas, cela ne contredit pas les valeurs de gauche et d\u2019\u00e9mancipation que notre municipalit\u00e9 porte\u00bb. <\/p>\n<p class=\"sc-ksZaOG ehjQrN text-element\">Ferme, l\u2019\u00e9dile annonce dans son communiqu\u00e9 qu\u2019il ira \u00abbien \u00e9videmment\u00bb porter plainte et qu\u2019il ne tol\u00e9rera pas \u00abde zones de non-droit culturelles dans notre ville\u00bb. Elu en 2020 <a href=\"https:\/\/www.liberation.fr\/societe\/police-justice\/favoritisme-a-loffice-hlm-relaxe-pour-lex-maire-de-noisy-le-sec-20211022_LNKWD4BCCVEBRIOJ5364DPQKKQ\/\" target=\"_blank\" rel=\"noreferrer nofollow noopener\" title=\"https:\/\/www.liberation.fr\/societe\/police-justice\/favoritisme-a-loffice-hlm-relaxe-pour-lex-maire-de-noisy-le-sec-20211022_LNKWD4BCCVEBRIOJ5364DPQKKQ\/\">face au maire (UDI) sortant<\/a> et \u00e0 une liste divers gauche, celui qui avait re\u00e7u le soutien des socialistes et des \u00e9cologistes au second tour d\u00e9nonce \u00abune manipulation bassement politicienne d\u2019une poign\u00e9e dont l\u2019objectif principal est d\u2019entraver la r\u00e9ussite de nos actions municipales\u00bb. Si Olivier Sarrabeyrouse note que l\u2019incident intervient \u00abdans un contexte \u00e9lectoral\u00bb, il ne pr\u00e9cise pas qui est vis\u00e9 par ses soup\u00e7ons.<\/p>\n<p class=\"sc-ksZaOG ehjQrN text-element\"><b>Mise \u00e0 jour \u00e0 20h40<\/b> avec l\u2019ajout de la r\u00e9action de Rachida Dati<\/p>\n","protected":false},"excerpt":{"rendered":"Pour la troisi\u00e8me ann\u00e9e cons\u00e9cutive, la municipalit\u00e9 de Noisy-le-Sec a consult\u00e9 ses habitants sur le site de la&hellip;\n","protected":false},"author":2,"featured_media":317289,"comment_status":"","ping_status":"","sticky":false,"template":"","format":"standard","meta":{"footnotes":""},"categories":[8],"tags":[45579,58,59,1011,27,662,1945],"class_list":{"0":"post-317288","1":"post","2":"type-post","3":"status-publish","4":"format-standard","5":"has-post-thumbnail","7":"category-divertissement","8":"tag-barbie-un-film-phenomene","9":"tag-divertissement","10":"tag-entertainment","11":"tag-fr","12":"tag-france","13":"tag-ile-de-france","14":"tag-seine-saint-denis"},"share_on_mastodon":{"url":"https:\/\/pubeurope.com\/@fr\/115023878842072622","error":""},"_links":{"self":[{"href":"https:\/\/www.europesays.com\/fr\/wp-json\/wp\/v2\/posts\/317288","targetHints":{"allow":["GET"]}}],"collection":[{"href":"https:\/\/www.europesays.com\/fr\/wp-json\/wp\/v2\/posts"}],"about":[{"href":"https:\/\/www.europesays.com\/fr\/wp-json\/wp\/v2\/types\/post"}],"author":[{"embeddable":true,"href":"https:\/\/www.europesays.com\/fr\/wp-json\/wp\/v2\/users\/2"}],"replies":[{"embeddable":true,"href":"https:\/\/www.europesays.com\/fr\/wp-json\/wp\/v2\/comments?post=317288"}],"version-history":[{"count":0,"href":"https:\/\/www.europesays.com\/fr\/wp-json\/wp\/v2\/posts\/317288\/revisions"}],"wp:featuredmedia":[{"embeddable":true,"href":"https:\/\/www.europesays.com\/fr\/wp-json\/wp\/v2\/media\/317289"}],"wp:attachment":[{"href":"https:\/\/www.europesays.com\/fr\/wp-json\/wp\/v2\/media?parent=317288"}],"wp:term":[{"taxonomy":"category","embeddable":true,"href":"https:\/\/www.europesays.com\/fr\/wp-json\/wp\/v2\/categories?post=317288"},{"taxonomy":"post_tag","embeddable":true,"href":"https:\/\/www.europesays.com\/fr\/wp-json\/wp\/v2\/tags?post=317288"}],"curies":[{"name":"wp","href":"https:\/\/api.w.org\/{rel}","templated":true}]}}