{"id":31729,"date":"2025-04-17T13:10:22","date_gmt":"2025-04-17T13:10:22","guid":{"rendered":"https:\/\/www.europesays.com\/fr\/31729\/"},"modified":"2025-04-17T13:10:22","modified_gmt":"2025-04-17T13:10:22","slug":"clemence-maries-au-premier-regard-2025-met-en-doute-lattirance-de-malik-dans-le-prochain-episode-a-voir-des-maintenant","status":"publish","type":"post","link":"https:\/\/www.europesays.com\/fr\/31729\/","title":{"rendered":"Cl\u00e9mence (Mari\u00e9s au premier regard 2025) met en doute l&rsquo;attirance de Malik dans le prochain \u00e9pisode \u00e0 voir d\u00e8s maintenant"},"content":{"rendered":"<p>Dans le prochain \u00e9pisode de Mari\u00e9s au premier regard 2025, d\u00e9j\u00e0 disponible sur M6+ et diffus\u00e9 dans quelques jours sur M6, Cl\u00e9mence et Malik vivent leurs premiers instants ensemble. Mais l&rsquo;exercice de la s\u00e9ance photo est loin d&rsquo;\u00eatre facile pour l&rsquo;\u00e9lectricien, tr\u00e8s mal \u00e0 l&rsquo;aise. Attention, spoilers ! <\/p>\n<p>Lundi, les t\u00e9l\u00e9spectateurs ont pu d\u00e9couvrir les premi\u00e8res images de Cl\u00e9mence et Malik, l&rsquo;un des couples de la neuvi\u00e8me saison de <a href=\"https:\/\/www.programme-tv.net\/news\/tele-realite\/371158-maries-au-premier-regard-2025-date-de-diffusion-deux-expertes-nouveautes-les-premieres-infos-sur-la-saison-9\/\" data-api-deeplink=\"teleloisirs:\/\/news\/371158\" target=\"_blank\" rel=\"noopener\">Mari\u00e9s au premier regard<\/a>, diffus\u00e9e sur M6. La candidate, qui avait d\u00e9j\u00e0 particip\u00e9 l&rsquo;ann\u00e9e derni\u00e8re sans succ\u00e8s, redoutait un nouveau refus apr\u00e8s le \u00ab\u00a0non\u00a0\u00bb gla\u00e7ant de Romain qui l&rsquo;a longtemps hant\u00e9e. Toujours c\u00e9libataire et <b>pr\u00eate \u00e0 donner une nouvelle chance \u00e0 l&rsquo;amour<\/b>, Cl\u00e9mence, 39 ans, a appris qu&rsquo;elle \u00e9tait compatible \u00e0 81 % avec Malik, <a href=\"https:\/\/www.programme-tv.net\/news\/tele-realite\/375435-ca-fait-peur-malik-le-futur-mari-de-clemence-maries-au-premier-regard-2025-perturbe-en-la-reconnaissant-dans-le-prochain-episode-deja-disponible\/\" data-api-deeplink=\"teleloisirs:\/\/news\/375435\" target=\"_blank\" rel=\"noopener\">qui l&rsquo;a tout de suite reconnue <\/a>apr\u00e8s l&rsquo;avoir suivie \u00e0 la t\u00e9l\u00e9vision la saison pass\u00e9e. Dans le prochain \u00e9pisode, d\u00e9j\u00e0 disponible sur M6+, vous d\u00e9couvrirez leurs premiers instants ensemble. Attention, la suite de cet article contient des spoilers !<\/p>\n<p>Cl\u00e9mence (Mari\u00e9s au premier regard 2025) doute malgr\u00e9 le \u00ab\u00a0oui\u00a0\u00bb de Malik : \u00ab\u00a0Je ne sais pas si je l\u2019ai charm\u00e9\u00a0\u00bb<\/p>\n<p>Dans le huiti\u00e8me \u00e9pisode, Malik donne sa r\u00e9ponse \u00e0 l&rsquo;officiant et <a href=\"https:\/\/www.programme-tv.net\/news\/tele-realite\/376748-clemence-va-t-elle-de-nouveau-essuyer-un-non-dans-maries-au-premier-regard-2025-decouvrez-la-reponse-de-malik-dans-le-prochain-episohttps:\/\/www.programme-tv.net\/news\/tele-realite\/376748-clemence-va-t-elle-de-nouveau-essuyer-un-non-dans-maries-au-premier-regard-2025-decouvrez-la-reponse-de-malik-dans-le-prochain-episode-deja-disponible\/de-deja-disponible\/\" target=\"_blank\" rel=\"noopener\">accepte d&rsquo;\u00e9pouser Cl\u00e9mence<\/a> au premier regard. Si <a href=\"https:\/\/www.programme-tv.net\/news\/tv\/376846-quand-je-lai-vu-je-netais-pas-tranquille-le-pere-de-clemence-maries-au-premier-regard-2025-inquiet-en-decouvrant-malik-dans-le-prochain-episode-deja-disponible\/\" data-api-deeplink=\"teleloisirs:\/\/news\/376846\" target=\"_blank\" rel=\"noopener\">le p\u00e8re de la mari\u00e9e, n&rsquo;est \u00ab\u00a0pas tranquille\u00a0\u00bb<\/a> en assistant \u00e0 cette union, Cl\u00e9mence, elle, est soulag\u00e9e en d\u00e9couvrant que l&rsquo;\u00e9lectricien a envie de la d\u00e9couvrir. Le nouveau couple se pr\u00eate ensuite \u00e0 l\u2019exercice de la s\u00e9ance photo, mais <b>la candidate va vite d\u00e9chanter face au comportement de Malik<\/b>. \u00ab\u00a0C\u2019est le moment que j\u2019attends, parce que c\u2019est mon mari sur le papier, maintenant, je ne sais pas si je l\u2019ai charm\u00e9. Il a dit &lsquo;oui&rsquo; mais je ne me dis pas forc\u00e9ment : &lsquo;Ok l\u00e0 \u00e7a se voit qu\u2019il est int\u00e9ress\u00e9'\u00a0\u00bb, explique Cl\u00e9mence, en plein doute face \u00e0 son \u00e9poux qui ne montre pas ses \u00e9motions.<\/p>\n<p>                        \u00ab\u00a0O<b>n se crispe\u00a0\u00bb <\/b><b>: la s\u00e9ance photo de Cl\u00e9mence et Malik ne se passe pas comme pr\u00e9vu dans <\/b>Mari\u00e9s au premier regard 2025 <\/p>\n<p>Alors que le photographe leur demande de r\u00e9aliser plusieurs poses, le couple semble de plus en plus g\u00ean\u00e9 et Malik ne sait pas comment positionner son corps \u00e0 c\u00f4t\u00e9 de cette inconnue. \u00ab\u00a0La pression monte, je trouve que<b> de plus en plus on se crispe, <\/b>on n\u2019arrivait pas \u00e0 maintenir ce regard tous les deux, \u00e7a fuyait toujours&#8230; \u00c0 ce moment-l\u00e0,<b> je sens un peu plus que \u00e7a me p\u00e8se<\/b>\u00ab\u00a0, liste Cl\u00e9mence, ressentant le malaise de Malik.<\/p>\n","protected":false},"excerpt":{"rendered":"Dans le prochain \u00e9pisode de Mari\u00e9s au premier regard 2025, d\u00e9j\u00e0 disponible sur M6+ et diffus\u00e9 dans quelques&hellip;\n","protected":false},"author":2,"featured_media":31730,"comment_status":"","ping_status":"","sticky":false,"template":"","format":"standard","meta":{"footnotes":""},"categories":[1356],"tags":[5635,5636,244,58,59,1011,27,494,5637,5214,252,1364,1630],"class_list":{"0":"post-31729","1":"post","2":"type-post","3":"status-publish","4":"format-standard","5":"has-post-thumbnail","7":"category-television","8":"tag-6play","9":"tag-clu00e9mence-mariu00e9s-au-premier-regard-8","10":"tag-commentaire","11":"tag-divertissement","12":"tag-entertainment","13":"tag-fr","14":"tag-france","15":"tag-m6","16":"tag-malik-mariu00e9s-au-premier-regard-9","17":"tag-mariu00e9s-au-premier-regard","18":"tag-television","19":"tag-tv","20":"tag-zapping"},"share_on_mastodon":{"url":"https:\/\/pubeurope.com\/@fr\/114353472995171650","error":""},"_links":{"self":[{"href":"https:\/\/www.europesays.com\/fr\/wp-json\/wp\/v2\/posts\/31729","targetHints":{"allow":["GET"]}}],"collection":[{"href":"https:\/\/www.europesays.com\/fr\/wp-json\/wp\/v2\/posts"}],"about":[{"href":"https:\/\/www.europesays.com\/fr\/wp-json\/wp\/v2\/types\/post"}],"author":[{"embeddable":true,"href":"https:\/\/www.europesays.com\/fr\/wp-json\/wp\/v2\/users\/2"}],"replies":[{"embeddable":true,"href":"https:\/\/www.europesays.com\/fr\/wp-json\/wp\/v2\/comments?post=31729"}],"version-history":[{"count":0,"href":"https:\/\/www.europesays.com\/fr\/wp-json\/wp\/v2\/posts\/31729\/revisions"}],"wp:featuredmedia":[{"embeddable":true,"href":"https:\/\/www.europesays.com\/fr\/wp-json\/wp\/v2\/media\/31730"}],"wp:attachment":[{"href":"https:\/\/www.europesays.com\/fr\/wp-json\/wp\/v2\/media?parent=31729"}],"wp:term":[{"taxonomy":"category","embeddable":true,"href":"https:\/\/www.europesays.com\/fr\/wp-json\/wp\/v2\/categories?post=31729"},{"taxonomy":"post_tag","embeddable":true,"href":"https:\/\/www.europesays.com\/fr\/wp-json\/wp\/v2\/tags?post=31729"}],"curies":[{"name":"wp","href":"https:\/\/api.w.org\/{rel}","templated":true}]}}