{"id":317292,"date":"2025-08-13T22:45:11","date_gmt":"2025-08-13T22:45:11","guid":{"rendered":"https:\/\/www.europesays.com\/fr\/317292\/"},"modified":"2025-08-13T22:45:11","modified_gmt":"2025-08-13T22:45:11","slug":"les-premieres-images-de-la-nouvelle-voiture-de-sport-dopel","status":"publish","type":"post","link":"https:\/\/www.europesays.com\/fr\/317292\/","title":{"rendered":"Les premi\u00e8res images de la nouvelle voiture de sport d&rsquo;Opel"},"content":{"rendered":"<p><strong><a href=\"https:\/\/fr.motor1.com\/reviews\/762052\/opel-frontera-2025-guide-achat\/\" data-inline-widget=\"internal-links\" data-type-id=\"0\" data-params=\"%7B%22article_edition_id%22%3A%22762052%22%2C%22section%22%3A%222%22%2C%22alias%22%3A%22opel-frontera-2025-guide-achat%22%7D\" target=\"_blank\" rel=\"noopener\">Opel<\/a><\/strong> sera pr\u00e9sent au <strong>salon de l&rsquo;automobile de Munich 2025<\/strong> avec une double \u00e2me. Il sera \u00e9galement pr\u00e9sent au salon allemand avec la marque <strong>Vauxhall<\/strong>, nom utilis\u00e9 par la marque \u00e0 l&rsquo;\u00e9clair sur le march\u00e9 britannique. Cette derni\u00e8re a r\u00e9cemment publi\u00e9 les premi\u00e8res images du concept qui fera ses d\u00e9buts en Bavi\u00e8re.<\/p>\n<p>Le nom n&rsquo;est pas encore connu &#8211; certains sont pr\u00eats \u00e0 parier sur <strong>Manta<\/strong> &#8211; ni le style g\u00e9n\u00e9ral, mais les d\u00e9tails semblent anticiper une carrosserie de coup\u00e9 sportif. La seule chose certaine est qu&rsquo;il portera le <strong>logo <a href=\"https:\/\/fr.motor1.com\/news\/759559\/opel-gse-electrique-haute-performance\/\" data-inline-widget=\"internal-links\" data-type-id=\"0\" data-params=\"%7B%22article_edition_id%22%3A%22759559%22%2C%22section%22%3A%221%22%2C%22alias%22%3A%22opel-gse-electrique-haute-performance%22%7D\" target=\"_blank\" rel=\"noopener\">GSE<\/a><\/strong>, celui qui caract\u00e9risera les futures Opel (et Vauxhall) sportives. Un acronyme qui signifiait autrefois Grand Sport Einspritzung (Grand Sport Injection) et qui signifie aujourd&rsquo;hui Grand Sport Electric.<\/p>\n<p>Une sportivit\u00e9 aliment\u00e9e par batterie<\/p>\n<p>Comme c&rsquo;est d\u00e9j\u00e0 le cas pour d&rsquo;autres marques de <a href=\"https:\/\/fr.motor1.com\/news\/767416\/plan-relance-stellantis-2026-voitures\/\" data-inline-widget=\"internal-links\" data-type-id=\"0\" data-params=\"%7B%22article_edition_id%22%3A%22767416%22%2C%22section%22%3A%221%22%2C%22alias%22%3A%22plan-relance-stellantis-2026-voitures%22%7D\" target=\"_blank\" rel=\"noopener\">Stellantis<\/a>, Opel et <strong>Vauxhall<\/strong> r\u00e9serveront les <strong>motorisations exclusivement \u00e9lectriques<\/strong> \u00e0 leurs mod\u00e8les les plus puissants, \u00e0 l&rsquo;instar de l&rsquo;<strong>Abarth 600e<\/strong>, de l&rsquo;<strong>Alfa Romeo Junior Veloce<\/strong>, de la <strong>Lancia Ypsilon HF<\/strong> et de la <strong>Peugeot 208 GTi<\/strong>. Ils seront rejoints par l&rsquo;Opel Mokka GSe : 280 ch, traction avant, diff\u00e9rentiel et autres modifications techniques.<\/p>\n<p>        <img decoding=\"async\" src=\"https:\/\/www.europesays.com\/fr\/wp-content\/uploads\/2025\/04\/16x9-tr.png\" alt=\"Teasers de concepts Opel\/Vauxhall pour le salon de Munich 2025 \" width=\"16\" height=\"9\" loading=\"lazy\"\/><\/p>\n<p>Teasers de concepts Opel\/Vauxhall pour le salon de Munich 2025<\/p>\n<p>Photo : Vauxhall<\/p>\n<p>Cependant, le petit SUV n&rsquo;est que la premi\u00e8re \u00e9tape d&rsquo;une <strong>famille de mod\u00e8les<\/strong> destin\u00e9e \u00e0 s&rsquo;agrandir au fil du temps, accueillant peut-\u00eatre la version de production du concept attendue au salon de Munich 2025. Selon les premi\u00e8res informations officielles, le style reprendra et fera \u00e9voluer celui de l&rsquo;<strong>Opel\/Vauxhall<\/strong><strong>Compass<\/strong>, un concept pr\u00e9sent\u00e9 en 2018 puis laiss\u00e9 dans un tiroir.<\/p>\n<p>        <img decoding=\"async\" src=\"https:\/\/www.europesays.com\/fr\/wp-content\/uploads\/2025\/04\/16x9-tr.png\" alt=\"Teasers de concepts Opel\/Vauxhall pour le salon de Munich 2025 \" width=\"16\" height=\"9\" loading=\"lazy\"\/><\/p>\n<p>Teasers de concepts Opel\/Vauxhall pour le salon de Munich 2025<\/p>\n<p>Photo : Vauxhall<\/p>\n<p>        <img decoding=\"async\" src=\"https:\/\/www.europesays.com\/fr\/wp-content\/uploads\/2025\/04\/16x9-tr.png\" alt=\"Teasers de concepts Opel\/Vauxhall pour le salon de Munich 2025 \" width=\"16\" height=\"9\" loading=\"lazy\"\/><\/p>\n<p>Teasers de concepts Opel\/Vauxhall pour le salon de Munich 2025<\/p>\n<p>Photo : Vauxhall<\/p>\n<p>La soci\u00e9t\u00e9 pr\u00e9voit une <strong>grande attention \u00e0 l&rsquo;a\u00e9rodynamisme<\/strong> et au style de la carrosserie et des jantes en alliage, avec des \u00e9l\u00e9ments triangulaires pour caract\u00e9riser le design, reprenant certains \u00e9l\u00e9ments\u00a0de la voiture de rallye Opel Manta 400. <strong>Le poids sera r\u00e9duit<\/strong> et il y aura de nombreux d\u00e9tails inspir\u00e9s du sport automobile, tels qu&rsquo;un arceau de s\u00e9curit\u00e9 dans l&rsquo;habitacle et un volant carr\u00e9.<\/p>\n<p>                            <a href=\"http:\/\/fr.motor1.com\/photos\/910031\/photos-du-concept-opel-pour-le-salon-de-munich-2025\/#8215947_les-teasers-conceptuels-opel-vauxhall-pour-le-salon-de-lautomobile-de-munich-2025\" class=\"msnt-photo-thumb-gallery-main-photo-box\" target=\"_blank\" rel=\"noopener\"><\/p>\n<p>                                    <img decoding=\"async\" src=\"https:\/\/www.europesays.com\/fr\/wp-content\/uploads\/2025\/04\/16x9-tr.png\" loading=\"lazy\" alt=\"Les teasers conceptuels Opel\/Vauxhall pour le salon de l'automobile de Munich 2025 \" width=\"16\" height=\"9\"\/><\/p>\n<p>                            <\/a><\/p>\n<p>                                    5                                <\/p>\n<p>\n                            Source: Vauxhall                        <\/p>\n","protected":false},"excerpt":{"rendered":"Opel sera pr\u00e9sent au salon de l&rsquo;automobile de Munich 2025 avec une double \u00e2me. Il sera \u00e9galement pr\u00e9sent&hellip;\n","protected":false},"author":2,"featured_media":317293,"comment_status":"","ping_status":"","sticky":false,"template":"","format":"standard","meta":{"footnotes":""},"categories":[6],"tags":[33733,35,33,34,1011,27,36326],"class_list":{"0":"post-317292","1":"post","2":"type-post","3":"status-publish","4":"format-standard","5":"has-post-thumbnail","7":"category-economie","8":"tag-anticipation","9":"tag-business","10":"tag-economie","11":"tag-economy","12":"tag-fr","13":"tag-france","14":"tag-opel"},"share_on_mastodon":{"url":"https:\/\/pubeurope.com\/@fr\/115023886861033175","error":""},"_links":{"self":[{"href":"https:\/\/www.europesays.com\/fr\/wp-json\/wp\/v2\/posts\/317292","targetHints":{"allow":["GET"]}}],"collection":[{"href":"https:\/\/www.europesays.com\/fr\/wp-json\/wp\/v2\/posts"}],"about":[{"href":"https:\/\/www.europesays.com\/fr\/wp-json\/wp\/v2\/types\/post"}],"author":[{"embeddable":true,"href":"https:\/\/www.europesays.com\/fr\/wp-json\/wp\/v2\/users\/2"}],"replies":[{"embeddable":true,"href":"https:\/\/www.europesays.com\/fr\/wp-json\/wp\/v2\/comments?post=317292"}],"version-history":[{"count":0,"href":"https:\/\/www.europesays.com\/fr\/wp-json\/wp\/v2\/posts\/317292\/revisions"}],"wp:featuredmedia":[{"embeddable":true,"href":"https:\/\/www.europesays.com\/fr\/wp-json\/wp\/v2\/media\/317293"}],"wp:attachment":[{"href":"https:\/\/www.europesays.com\/fr\/wp-json\/wp\/v2\/media?parent=317292"}],"wp:term":[{"taxonomy":"category","embeddable":true,"href":"https:\/\/www.europesays.com\/fr\/wp-json\/wp\/v2\/categories?post=317292"},{"taxonomy":"post_tag","embeddable":true,"href":"https:\/\/www.europesays.com\/fr\/wp-json\/wp\/v2\/tags?post=317292"}],"curies":[{"name":"wp","href":"https:\/\/api.w.org\/{rel}","templated":true}]}}