{"id":317294,"date":"2025-08-13T22:46:12","date_gmt":"2025-08-13T22:46:12","guid":{"rendered":"https:\/\/www.europesays.com\/fr\/317294\/"},"modified":"2025-08-13T22:46:12","modified_gmt":"2025-08-13T22:46:12","slug":"au-perou-la-presidente-dina-boluarte-promulgue-la-loi-damnistie-pour-les-militaires-et-les-policiers","status":"publish","type":"post","link":"https:\/\/www.europesays.com\/fr\/317294\/","title":{"rendered":"Au P\u00e9rou, la pr\u00e9sidente Dina Boluarte promulgue la loi d\u2019amnistie pour les militaires et les policiers"},"content":{"rendered":"<p>                          <img loading=\"lazy\" decoding=\"async\" src=\"https:\/\/www.europesays.com\/fr\/wp-content\/uploads\/2025\/08\/57327be_ftp-import-images-1-7ayncyrobi92-5626300-01-06.jpg\" alt=\"la pr\u00e9sidente Dina Boluarte apr\u00e8s la promulgation de la loi d\u2019amnistie, au palais pr\u00e9sidentiel, \u00e0 Lima,\u00a0le 13\u00a0ao\u00fbt\u00a02025.\"   width=\"664\" height=\"443\"\/>    la pr\u00e9sidente Dina Boluarte apr\u00e8s la promulgation de la loi d\u2019amnistie, au palais pr\u00e9sidentiel, \u00e0 Lima,\u00a0le 13\u00a0ao\u00fbt\u00a02025.  ERNESTO BENAVIDES \/ AFP                          <\/p>\n<p class=\"article__paragraph  \">Dina Boluarte, la pr\u00e9sidente du P\u00e9rou a promulgu\u00e9, mercredi 13\u00a0ao\u00fbt, une loi controvers\u00e9e accordant une amnistie aux militaires, policiers et membres des groupes paramilitaires accus\u00e9s de violations des droits humains commises entre 1980 et 2000, lors du conflit arm\u00e9 contre les gu\u00e9rillas de gauche.<\/p>\n<p class=\"article__paragraph  \">\u00ab\u00a0Par cette loi d\u2019amnistie, le gouvernement p\u00e9ruvien et le Congr\u00e8s reconnaissent le sacrifice des membres des forces arm\u00e9es, de la police et des groupes d\u2019autod\u00e9fense dans la lutte contre le terrorisme\u00a0\u00bb, a d\u00e9clar\u00e9 Mme\u00a0Boluarte lors d\u2019une c\u00e9r\u00e9monie au palais pr\u00e9sidentiel. \u00ab\u00a0Nous leur rendons la dignit\u00e9 qui n\u2019aurait jamais d\u00fb \u00eatre remise en question.\u00a0\u00bb<\/p>\n<p class=\"article__paragraph  \">Selon la nouvelle loi vot\u00e9e le 9\u00a0juillet, l\u2019amnistie s\u2019appliquera aux militaires et civils qui n\u2019ont pas encore \u00e9t\u00e9 condamn\u00e9s par la justice. Elle pr\u00e9voit \u00e9galement la lib\u00e9ration des condamn\u00e9s \u00e2g\u00e9s de plus de 70\u00a0ans.<\/p>\n<p class=\"article__paragraph  \">Le conflit arm\u00e9 entre l\u2019Etat et les gu\u00e9rillas du <a href=\"https:\/\/www.lemonde.fr\/international\/article\/2021\/03\/30\/le-perou-annonce-la-mort-du-numero-deux-du-sentier-lumineux_6075028_3210.html\" rel=\"nofollow noopener\" target=\"_blank\">Sentier lumineux<\/a> et du Mouvement r\u00e9volutionnaire <a href=\"https:\/\/www.lemonde.fr\/archives\/article\/1997\/01\/02\/le-mouvement-revolutionnaire-tupac-amaru-exige-a-nouveau-la-liberation-de-tous-ses-militants-emprisonnes-au-perou_3741188_1819218.html\" rel=\"nofollow noopener\" target=\"_blank\">Tupac Amaru<\/a> a fait environ 70\u00a0000\u00a0morts et 20\u00a0000\u00a0disparus, selon les chiffres officiels.<\/p>\n<p class=\"article__paragraph  \">\u00ab\u00a0Cette loi est tout simplement une trahison envers les victimes p\u00e9ruviennes\u00a0\u00bb, a d\u00e9clar\u00e9 Juanita Goebertus, directrice de la division Am\u00e9riques de Human Rights Watch (HRW). \u00ab\u00a0Elle sape des d\u00e9cennies d\u2019efforts visant \u00e0 garantir la responsabilit\u00e9 pour les atrocit\u00e9s commises et affaiblit encore davantage l\u2019\u00e9tat de droit dans le pays\u00a0\u00bb, a-t-elle ajout\u00e9 dans un communiqu\u00e9.<\/p>\n<p>                                       Lire aussi |  Article r\u00e9serv\u00e9 \u00e0 nos abonn\u00e9s  <a href=\"https:\/\/www.lemonde.fr\/international\/article\/2024\/07\/07\/au-perou-les-crimes-du-conflit-arme-pourraient-rester-impunis_6247480_3210.html\" class=\"js-article-read-also catcher--favoris__link\" data-premium=\"1\" id=\"article-title-3381267\" rel=\"nofollow noopener\" target=\"_blank\">Au P\u00e9rou, les crimes du conflit arm\u00e9 pourraient rester impunis<\/a>    <\/p>\n<p>   Lire plus tard  <\/p>\n<p>                          Un texte clivant                    <\/p>\n<p class=\"article__paragraph  \">La CIDH, plus haute instance judiciaire du continent, avait ordonn\u00e9 le 24\u00a0juillet \u00e0 l\u2019Etat p\u00e9ruvien d\u2019\u00ab\u00a0imm\u00e9diatement\u00a0\u00bb suspendre la proc\u00e9dure l\u00e9gislative et, en cas de promulgation, de s\u2019abstenir d\u2019appliquer la loi pendant qu\u2019elle analyse ses effets sur les droits des victimes.<\/p>\n<p class=\"article__paragraph  \">Mme\u00a0Boluarte, qui bat des records d\u2019impopularit\u00e9 et ach\u00e8vera son mandat en juillet\u00a02026, avait imm\u00e9diatement critiqu\u00e9 cette exigence\u00a0: \u00ab\u00a0Cette position du gouvernement est souveraine, autonome, libre et juste pour un pays qui aspire \u00e0 la paix\u00a0\u00bb. La pr\u00e9sidente fait elle-m\u00eame l\u2019objet d\u2019une enqu\u00eate pour la mort de manifestants survenus apr\u00e8s son <a href=\"https:\/\/www.lemonde.fr\/international\/article\/2022\/12\/17\/au-perou-repression-sanglante-contre-les-manifestants_6154852_3210.html\" rel=\"nofollow noopener\" target=\"_blank\">accession au pouvoir en d\u00e9cembre\u00a02022<\/a>. Sa cote de popularit\u00e9 a chut\u00e9 \u00e0 un niveau historiquement bas, atteignant 1,3\u00a0% selon un sondage publi\u00e9 en juillet.<\/p>\n<p> Le Monde M\u00e9morable  <\/p>\n<p> <a href=\"https:\/\/www.lemonde.fr\/memorable\/?rfextension=inread\" class=\"inread__link js-services-inread-link\" target=\"_blank\" rel=\"nofollow noopener\">  <\/p>\n<p>Testez votre culture g\u00e9n\u00e9rale avec la r\u00e9daction du \u00ab Monde \u00bb<\/p>\n<p>Testez votre culture g\u00e9n\u00e9rale avec la r\u00e9daction du \u00ab Monde \u00bb<\/p>\n<p>D\u00e9couvrir<\/p>\n<p> <\/a>      <\/p>\n<p> Newsletter  <\/p>\n<p> <a href=\"https:\/\/www.lemonde.fr\/newsletters\/a-la-une\/\" class=\"inread__link js-services-inread-link\" target=\"_blank\" rel=\"nofollow noopener\">  <\/p>\n<p>\u00ab A la une \u00bb<\/p>\n<p>Chaque matin, parcourez l&rsquo;essentiel de l&rsquo;actualit\u00e9 du jour avec les derniers titres du \u00ab Monde \u00bb<\/p>\n<p>S&rsquo;inscrire<\/p>\n<p> <\/a>          <\/p>\n<p> Le Monde Application  <\/p>\n<p> <a href=\"https:\/\/lamatinale.onelink.me\/gKMy\/ahw2ubr3\" class=\"inread__link js-services-inread-link\" target=\"_blank\" rel=\"nofollow noopener\">  <\/p>\n<p>La Matinale du Monde<\/p>\n<p>Chaque matin, retrouvez notre s\u00e9lection de 20 articles \u00e0 ne pas manquer <\/p>\n<p>T\u00e9l\u00e9charger l&rsquo;application<\/p>\n<p> <\/a>      <\/p>\n<p> Newsletter abonn\u00e9s  <\/p>\n<p> <a href=\"https:\/\/www.lemonde.fr\/newsletters\/international\/\" class=\"inread__link js-services-inread-link\" target=\"_blank\" rel=\"nofollow noopener\">  <\/p>\n<p>\u00ab International \u00bb<\/p>\n<p>L\u2019essentiel de l\u2019actualit\u00e9 internationale de la semaine<\/p>\n<p>S&rsquo;inscrire<\/p>\n<p> <\/a>             <\/p>\n<p class=\"article__paragraph  \">Des experts de l\u2019ONU avaient de leur c\u00f4t\u00e9 exhort\u00e9 le gouvernement p\u00e9ruvien \u00e0 mettre son veto sur la loi, faisant valoir que les normes internationales interdisent les amnisties pour les crimes graves.<\/p>\n<p class=\"article__paragraph  \">La loi pourrait affecter 156\u00a0affaires avec jugement d\u00e9finitif et plus de 600\u00a0proc\u00e9dures judiciaires en cours pour des crimes commis durant ces ann\u00e9es, avaient estim\u00e9 les experts mandat\u00e9s par le Conseil des droits de l\u2019homme de l\u2019ONU, mais ne s\u2019exprimant pas au nom de l\u2019organisation.<\/p>\n<p class=\"article__paragraph  \">En ao\u00fbt\u00a02024, le P\u00e9rou avait d\u00e9j\u00e0 adopt\u00e9 une loi de prescription pour les crimes contre l\u2019humanit\u00e9 commis avant\u00a02002, fermant ainsi la voie \u00e0 des centaines d\u2019enqu\u00eates. Cette initiative, que les d\u00e9fenseurs des droits humains qualifient de \u00ab\u00a0loi d\u2019impunit\u00e9\u00a0\u00bb, avait profit\u00e9 notamment \u00e0 l\u2019ancien pr\u00e9sident, <a href=\"https:\/\/www.lemonde.fr\/international\/article\/2024\/09\/13\/l-ex-president-fujimori-divise-toujours-la-societe-peruvienne_6316853_3210.html\" rel=\"nofollow noopener\" target=\"_blank\">Alberto Fujimori<\/a> (1990-2000) \u2013 condamn\u00e9 pour avoir ordonn\u00e9 deux massacres de civils en\u00a01991 et 1992\u00a0\u2013, ainsi qu\u2019\u00e0 600\u00a0militaires poursuivis en justice.<\/p>\n<p class=\"article__paragraph  \">La Commission de la v\u00e9rit\u00e9 et de la r\u00e9conciliation a recens\u00e9 au P\u00e9rou plus de 4\u00a0000\u00a0fosses clandestines r\u00e9sultant des violences commises entre 1980 et 2000.<\/p>\n<p class=\"article__paragraph  \">En\u00a02005, la Cour supr\u00eame argentine a d\u00e9clar\u00e9 inconstitutionnelles les lois d\u2019amnistie des ann\u00e9es\u00a01980 qui avaient permis dans le pays \u00e0 environ un millier de militaires et policiers responsables de graves violations des droits de l\u2019homme sous la dictature militaire (1976-1983) d\u2019\u00e9chapper \u00e0 la justice.<\/p>\n<p>                                       Lire aussi |  <a href=\"https:\/\/www.lemonde.fr\/international\/article\/2024\/07\/31\/au-perou-la-presidente-dina-boluarte-poursuivie-pour-homicide-devant-le-parlement_6262865_3210.html\" class=\"js-article-read-also catcher--favoris__link\" data-premium=\"\" id=\"article-title-3384462\" rel=\"nofollow noopener\" target=\"_blank\">Au P\u00e9rou, la pr\u00e9sidente Dina Boluarte poursuivie pour \u00ab\u00a0homicide\u00a0\u00bb devant le Parlement<\/a>    <\/p>\n<p>   Lire plus tard  <\/p>\n<p class=\"author__detail\">  Le Monde avec AFP et Reuters  <\/p>\n<p>                  <a href=\"https:\/\/www.lemonde.fr\/syndication\/\" class=\"reuse__content\" title=\"R\u00e9utiliser ce contenu\" target=\"_blank\" rel=\"nofollow noopener\">R\u00e9utiliser ce contenu<\/a>      <\/p>\n","protected":false},"excerpt":{"rendered":"la pr\u00e9sidente Dina Boluarte apr\u00e8s la promulgation de la loi d\u2019amnistie, au palais pr\u00e9sidentiel, \u00e0 Lima,\u00a0le 13\u00a0ao\u00fbt\u00a02025. ERNESTO&hellip;\n","protected":false},"author":2,"featured_media":317295,"comment_status":"","ping_status":"","sticky":false,"template":"","format":"standard","meta":{"footnotes":""},"categories":[5],"tags":[11,1011,27,14,12,28],"class_list":{"0":"post-317294","1":"post","2":"type-post","3":"status-publish","4":"format-standard","5":"has-post-thumbnail","7":"category-international","8":"tag-actualites","9":"tag-fr","10":"tag-france","11":"tag-international","12":"tag-news","13":"tag-world"},"share_on_mastodon":{"url":"https:\/\/pubeurope.com\/@fr\/115023890815681908","error":""},"_links":{"self":[{"href":"https:\/\/www.europesays.com\/fr\/wp-json\/wp\/v2\/posts\/317294","targetHints":{"allow":["GET"]}}],"collection":[{"href":"https:\/\/www.europesays.com\/fr\/wp-json\/wp\/v2\/posts"}],"about":[{"href":"https:\/\/www.europesays.com\/fr\/wp-json\/wp\/v2\/types\/post"}],"author":[{"embeddable":true,"href":"https:\/\/www.europesays.com\/fr\/wp-json\/wp\/v2\/users\/2"}],"replies":[{"embeddable":true,"href":"https:\/\/www.europesays.com\/fr\/wp-json\/wp\/v2\/comments?post=317294"}],"version-history":[{"count":0,"href":"https:\/\/www.europesays.com\/fr\/wp-json\/wp\/v2\/posts\/317294\/revisions"}],"wp:featuredmedia":[{"embeddable":true,"href":"https:\/\/www.europesays.com\/fr\/wp-json\/wp\/v2\/media\/317295"}],"wp:attachment":[{"href":"https:\/\/www.europesays.com\/fr\/wp-json\/wp\/v2\/media?parent=317294"}],"wp:term":[{"taxonomy":"category","embeddable":true,"href":"https:\/\/www.europesays.com\/fr\/wp-json\/wp\/v2\/categories?post=317294"},{"taxonomy":"post_tag","embeddable":true,"href":"https:\/\/www.europesays.com\/fr\/wp-json\/wp\/v2\/tags?post=317294"}],"curies":[{"name":"wp","href":"https:\/\/api.w.org\/{rel}","templated":true}]}}