{"id":317300,"date":"2025-08-13T22:50:12","date_gmt":"2025-08-13T22:50:12","guid":{"rendered":"https:\/\/www.europesays.com\/fr\/317300\/"},"modified":"2025-08-13T22:50:12","modified_gmt":"2025-08-13T22:50:12","slug":"une-salle-climatisee-a-disposition","status":"publish","type":"post","link":"https:\/\/www.europesays.com\/fr\/317300\/","title":{"rendered":"une salle climatis\u00e9e \u00e0 disposition"},"content":{"rendered":"<p>Face aux fortes chaleurs, la municipalit\u00e9 agit pour prot\u00e9ger et sensibiliser les habitants. Une salle du conseil municipal climatis\u00e9e est ouverte avec un acc\u00e8s facilit\u00e9 \u00e0 de l\u2019eau fra\u00eeche pour tous ceux qui le souhaitent.<\/p>\n<p>Les \u00e9lus ont pris soin d\u2019appeler les habitants inscrits sur le fichier communal comme \u201cpersonnes vuln\u00e9rables\u201d. Ils se sont assur\u00e9s qu\u2019ils ne manquaient de rien et b\u00e9n\u00e9ficiaient de visites. <a href=\"https:\/\/www.ledauphine.com\/environnement\/2025\/08\/13\/canicule-le-rhone-l-isere-la-drome-l-ardeche-et-l-aude-en-alerte-maximale-ce-mercredi\" target=\"_blank\" rel=\"noopener\">En cette p\u00e9riode de canicule<\/a>, il ne faut pas h\u00e9siter \u00e0 prendre des nouvelles de ses proches, voisins et amis, surtout des plus fragiles.<\/p>\n<p class=\"note\">Pour \u00eatre sur la liste des personnes vuln\u00e9rables, il faut se manifester aupr\u00e8s du CCAS. Contact\u00a0: 04\u00a076\u00a093\u00a046\u00a087 ou sophie.vincent@ville-sesg.fr<\/p>\n<p>Ce contenu est bloqu\u00e9 car vous n&rsquo;avez pas accept\u00e9 les cookies et autres traceurs.<\/p>\n<p>En cliquant sur \u00ab J\u2019accepte \u00bb, les cookies et autres traceurs seront d\u00e9pos\u00e9s et vous pourrez visualiser les contenus  (<a href=\"\" class=\"consentModule_policy\" target=\"_blank\" title=\"Consulter la politique de protection des donn\u00e9es du fournisseur\">plus d&rsquo;informations<\/a>).<\/p>\n<p>En cliquant sur \u00ab J\u2019accepte tous les cookies \u00bb, vous autorisez des d\u00e9p\u00f4ts de cookies et autres traceurs pour le stockage de vos donn\u00e9es sur nos sites et applications \u00e0 des fins de personnalisation et de ciblage publicitaire.<\/p>\n<p class=\"consentModule_secondaryText\">Vous gardez la possibilit\u00e9 de retirer votre consentement \u00e0 tout moment en consultant notre <a href=\"https:\/\/www.ledauphine.com\/protection-des-donnees\" target=\"_blank\" title=\"Consulter notre politique de protection des donn\u00e9es\" rel=\"noopener\">politique de protection des donn\u00e9es<\/a>. <br \/>&#13;<br \/>\n            <a href=\"https:\/\/www.ledauphine.com\/environnement\/2025\/08\/13\/javascript:Didomi.notice.show()\" class=\"consentModule_cmp\" target=\"_blank\" rel=\"noopener\">G\u00e9rer mes choix<\/a>&#13;\n        <\/p>\n<p>&#13;<br \/>\n                        J&rsquo;accepte&#13;<br \/>\n            J&rsquo;accepte tous les cookies&#13;\n        <\/p>\n","protected":false},"excerpt":{"rendered":"Face aux fortes chaleurs, la municipalit\u00e9 agit pour prot\u00e9ger et sensibiliser les habitants. Une salle du conseil municipal&hellip;\n","protected":false},"author":2,"featured_media":317301,"comment_status":"","ping_status":"","sticky":false,"template":"","format":"standard","meta":{"footnotes":""},"categories":[9653],"tags":[1111,11,2430,6698,114,436,1777,674,1011,27,8423,12,25,4001,44850,27908,71],"class_list":{"0":"post-317300","1":"post","2":"type-post","3":"status-publish","4":"format-standard","5":"has-post-thumbnail","7":"category-saint-etienne","8":"tag-actu","9":"tag-actualites","10":"tag-auvergne-rhone-alpes","11":"tag-canicule","12":"tag-edition-voiron-saint-marcellin","13":"tag-environnement","14":"tag-eu","15":"tag-europe","16":"tag-fr","17":"tag-france","18":"tag-meteorologie-climat","19":"tag-news","20":"tag-republique-francaise","21":"tag-saint-etienne","22":"tag-saint-etienne-de-saint-geoirs","23":"tag-saint-geoirs-et-autour","24":"tag-sante"},"share_on_mastodon":{"url":"https:\/\/pubeurope.com\/@fr\/115023906260687721","error":""},"_links":{"self":[{"href":"https:\/\/www.europesays.com\/fr\/wp-json\/wp\/v2\/posts\/317300","targetHints":{"allow":["GET"]}}],"collection":[{"href":"https:\/\/www.europesays.com\/fr\/wp-json\/wp\/v2\/posts"}],"about":[{"href":"https:\/\/www.europesays.com\/fr\/wp-json\/wp\/v2\/types\/post"}],"author":[{"embeddable":true,"href":"https:\/\/www.europesays.com\/fr\/wp-json\/wp\/v2\/users\/2"}],"replies":[{"embeddable":true,"href":"https:\/\/www.europesays.com\/fr\/wp-json\/wp\/v2\/comments?post=317300"}],"version-history":[{"count":0,"href":"https:\/\/www.europesays.com\/fr\/wp-json\/wp\/v2\/posts\/317300\/revisions"}],"wp:featuredmedia":[{"embeddable":true,"href":"https:\/\/www.europesays.com\/fr\/wp-json\/wp\/v2\/media\/317301"}],"wp:attachment":[{"href":"https:\/\/www.europesays.com\/fr\/wp-json\/wp\/v2\/media?parent=317300"}],"wp:term":[{"taxonomy":"category","embeddable":true,"href":"https:\/\/www.europesays.com\/fr\/wp-json\/wp\/v2\/categories?post=317300"},{"taxonomy":"post_tag","embeddable":true,"href":"https:\/\/www.europesays.com\/fr\/wp-json\/wp\/v2\/tags?post=317300"}],"curies":[{"name":"wp","href":"https:\/\/api.w.org\/{rel}","templated":true}]}}