{"id":317304,"date":"2025-08-13T22:53:10","date_gmt":"2025-08-13T22:53:10","guid":{"rendered":"https:\/\/www.europesays.com\/fr\/317304\/"},"modified":"2025-08-13T22:53:10","modified_gmt":"2025-08-13T22:53:10","slug":"a-la-seyne-sur-mer-afrobeat-shatta-et-bouyon-sont-a-lhonneur-au-festival-mesclaland","status":"publish","type":"post","link":"https:\/\/www.europesays.com\/fr\/317304\/","title":{"rendered":"\u00c0 La Seyne-sur-Mer, afrobeat, shatta et bouyon sont \u00e0 l\u2019honneur au festival Mesclaland"},"content":{"rendered":"<p>Depuis des ann\u00e9es, les musiques afro-carib\u00e9ennes connaissent un succ\u00e8s important en m\u00e9tropole. La reconnaissance d\u2019artistes comme Kalash, <a href=\"https:\/\/www.laprovence.com\/article\/culture-loisirs\/1417762661725914\/theodora-nouvelle-sensation-francophone-du-hip-hop-a-rencontre-ses-fans-avant-son-concert-a-marseille-en-aout\" target=\"_blank\" rel=\"noopener\">Theodora<\/a>, et Maureen t\u00e9moignent de cet engouement pour des genres comme le bouyon, le shatta, le dancehall ou encore <a href=\"https:\/\/www.laprovence.com\/article\/loisirs\/29227\/femi-kuti-la-douceur-de-lafrobeat.html\" target=\"_blank\" rel=\"noopener\">l\u2019afrobeat<\/a>. Et c\u2019est justement pour mettre ces derniers \u00e0 l\u2019honneur dans notre r\u00e9gion qu\u2019est organis\u00e9, depuis\u00a02023, le festival Mesclaland \u00e0 La Seyne-sur-Mer.<\/p>\n<p>Cette ann\u00e9e encore, 500 personnes sont attendues le vendredi\u00a015 et le samedi 16\u00a0ao\u00fbt pour danser, de 15h \u00e0 minuit, sur ce que ces musiques ont de mieux \u00e0 offrir. Mont\u00e9e par l\u2019association La Mescla (\u00ab\u00a0le m\u00e9lange\u00a0\u00bb en occitan), la joyeuse r\u00e9union se veut \u00eatre \u00ab\u00a0un lieu bienveillant, qui accueille tout le monde, sans a priori\u00a0\u00bb, souligne Mathieu Party, cr\u00e9ateur du festival. Pour l\u2019\u00e9dition 2025, le rose fait office de dress code.<\/p>\n","protected":false},"excerpt":{"rendered":"Depuis des ann\u00e9es, les musiques afro-carib\u00e9ennes connaissent un succ\u00e8s important en m\u00e9tropole. La reconnaissance d\u2019artistes comme Kalash, Theodora,&hellip;\n","protected":false},"author":2,"featured_media":317305,"comment_status":"","ping_status":"","sticky":false,"template":"","format":"standard","meta":{"footnotes":""},"categories":[9619],"tags":[17,1111,11,23979,45581,251,1777,674,849,1011,27,3871,12,882,25,41983,45580,3333,2310],"class_list":{"0":"post-317304","1":"post","2":"type-post","3":"status-publish","4":"format-standard","5":"has-post-thumbnail","7":"category-toulon","8":"tag-17","9":"tag-actu","10":"tag-actualites","11":"tag-afrobeat","12":"tag-bouyon","13":"tag-culture","14":"tag-eu","15":"tag-europe","16":"tag-festival","17":"tag-fr","18":"tag-france","19":"tag-lhonneur","20":"tag-news","21":"tag-provence-alpes-cote-dazur","22":"tag-republique-francaise","23":"tag-seyne-sur-mer","24":"tag-shatta","25":"tag-sont","26":"tag-toulon"},"share_on_mastodon":{"url":"https:\/\/pubeurope.com\/@fr\/115023918084185204","error":""},"_links":{"self":[{"href":"https:\/\/www.europesays.com\/fr\/wp-json\/wp\/v2\/posts\/317304","targetHints":{"allow":["GET"]}}],"collection":[{"href":"https:\/\/www.europesays.com\/fr\/wp-json\/wp\/v2\/posts"}],"about":[{"href":"https:\/\/www.europesays.com\/fr\/wp-json\/wp\/v2\/types\/post"}],"author":[{"embeddable":true,"href":"https:\/\/www.europesays.com\/fr\/wp-json\/wp\/v2\/users\/2"}],"replies":[{"embeddable":true,"href":"https:\/\/www.europesays.com\/fr\/wp-json\/wp\/v2\/comments?post=317304"}],"version-history":[{"count":0,"href":"https:\/\/www.europesays.com\/fr\/wp-json\/wp\/v2\/posts\/317304\/revisions"}],"wp:featuredmedia":[{"embeddable":true,"href":"https:\/\/www.europesays.com\/fr\/wp-json\/wp\/v2\/media\/317305"}],"wp:attachment":[{"href":"https:\/\/www.europesays.com\/fr\/wp-json\/wp\/v2\/media?parent=317304"}],"wp:term":[{"taxonomy":"category","embeddable":true,"href":"https:\/\/www.europesays.com\/fr\/wp-json\/wp\/v2\/categories?post=317304"},{"taxonomy":"post_tag","embeddable":true,"href":"https:\/\/www.europesays.com\/fr\/wp-json\/wp\/v2\/tags?post=317304"}],"curies":[{"name":"wp","href":"https:\/\/api.w.org\/{rel}","templated":true}]}}