{"id":317306,"date":"2025-08-13T22:54:24","date_gmt":"2025-08-13T22:54:24","guid":{"rendered":"https:\/\/www.europesays.com\/fr\/317306\/"},"modified":"2025-08-13T22:54:24","modified_gmt":"2025-08-13T22:54:24","slug":"toulon-eddie-goujit-candidat-aux-municipales-2026-arrete-en-ardeche-et-place-en-garde-a-vue","status":"publish","type":"post","link":"https:\/\/www.europesays.com\/fr\/317306\/","title":{"rendered":"Toulon : Eddie Goujit, candidat aux municipales 2026, arr\u00eat\u00e9 en Ard\u00e8che et plac\u00e9 en garde \u00e0 vue"},"content":{"rendered":"<p>Recherch\u00e9 depuis plusieurs mois pour escroqueries et usurpations d\u2019identit\u00e9, Eddie Goujit, candidat aux municipales 2026 \u00e0 Toulon, a \u00e9t\u00e9 arr\u00eat\u00e9 en Ard\u00e8che.<\/p>\n<p><img fetchpriority=\"high\" decoding=\"async\" width=\"1496\" height=\"997\" alt=\"Toulon Eddie Goujit Proc\u00e8s maltraitance animale refuge 3A Luc-en-Provence course poursuite Fr\u00e9jus Hy\u00e8res \u00e9vasion tribunal Toulon \u00e9ducateur de Toulon conduite en \u00e9tat d'ivresse \u00e9lu opposition la seyneagression antis\u00e9mite Relaxe pr\u00eatre Toulon toulon prox\u00e9n\u00e8te plainte Michel-Ange Flori var avocats toulon gr\u00e8ve trois adolescents justice Hy\u00e8res 4 000 postes justice vols violence toulon professeur grasse \u00e9meute La Seyne Benjamin Bri\u00e8re Tribunal Prof de fran\u00e7ais condamn\u00e9 mort de son voisin p\u00e8re prison var\" title=\"JUSTICE TOULON TRIBUNAL\" src=\"https:\/\/www.europesays.com\/fr\/wp-content\/uploads\/2025\/07\/JUSTICE-TOULON.jpg\" class=\"img-responsive wp-image-2872\"\/><\/p>\n<p>Toulon Eddie Goujit \u2013 CREDIT : VarActu<\/p>\n<p data-start=\"103\" data-end=\"580\"><strong data-start=\"103\" data-end=\"171\">Une interpellation en Ard\u00e8che apr\u00e8s plusieurs mois de recherches<\/strong><br data-start=\"171\" data-end=\"174\"\/>Eddie Goujit, 18 ans, candidat d\u00e9clar\u00e9 aux \u00e9lections municipales de Toulon en 2026, a \u00e9t\u00e9 interpell\u00e9 lundi 11 ao\u00fbt en Ard\u00e8che, alors qu\u2019il travaillait comme saisonnier dans \u2026<\/p>\n<p>Lire la suite dans l\u2019article <a href=\"https:\/\/www.varactu.fr\/toulon-eddie-goujit-candidat-aux-municipales-2026-arrete-en-ardeche-et-place-en-garde-a-vue\/\" rel=\"nofollow noopener\" target=\"_blank\">Toulon : Eddie Goujit, candidat aux municipales 2026, arr\u00eat\u00e9 en Ard\u00e8che et plac\u00e9 en garde \u00e0 vue<\/a> qui est apparu en premier sur <a href=\"https:\/\/www.varactu.fr\" rel=\"nofollow noopener\" target=\"_blank\">Var Actu<\/a>.<\/p>\n","protected":false},"excerpt":{"rendered":"Recherch\u00e9 depuis plusieurs mois pour escroqueries et usurpations d\u2019identit\u00e9, Eddie Goujit, candidat aux municipales 2026 \u00e0 Toulon, a&hellip;\n","protected":false},"author":2,"featured_media":246999,"comment_status":"","ping_status":"","sticky":false,"template":"","format":"standard","meta":{"footnotes":""},"categories":[9619],"tags":[1111,11,1777,674,1011,27,12,882,25,2310],"class_list":{"0":"post-317306","1":"post","2":"type-post","3":"status-publish","4":"format-standard","5":"has-post-thumbnail","7":"category-toulon","8":"tag-actu","9":"tag-actualites","10":"tag-eu","11":"tag-europe","12":"tag-fr","13":"tag-france","14":"tag-news","15":"tag-provence-alpes-cote-dazur","16":"tag-republique-francaise","17":"tag-toulon"},"share_on_mastodon":{"url":"https:\/\/pubeurope.com\/@fr\/115023922039254430","error":""},"_links":{"self":[{"href":"https:\/\/www.europesays.com\/fr\/wp-json\/wp\/v2\/posts\/317306","targetHints":{"allow":["GET"]}}],"collection":[{"href":"https:\/\/www.europesays.com\/fr\/wp-json\/wp\/v2\/posts"}],"about":[{"href":"https:\/\/www.europesays.com\/fr\/wp-json\/wp\/v2\/types\/post"}],"author":[{"embeddable":true,"href":"https:\/\/www.europesays.com\/fr\/wp-json\/wp\/v2\/users\/2"}],"replies":[{"embeddable":true,"href":"https:\/\/www.europesays.com\/fr\/wp-json\/wp\/v2\/comments?post=317306"}],"version-history":[{"count":0,"href":"https:\/\/www.europesays.com\/fr\/wp-json\/wp\/v2\/posts\/317306\/revisions"}],"wp:featuredmedia":[{"embeddable":true,"href":"https:\/\/www.europesays.com\/fr\/wp-json\/wp\/v2\/media\/246999"}],"wp:attachment":[{"href":"https:\/\/www.europesays.com\/fr\/wp-json\/wp\/v2\/media?parent=317306"}],"wp:term":[{"taxonomy":"category","embeddable":true,"href":"https:\/\/www.europesays.com\/fr\/wp-json\/wp\/v2\/categories?post=317306"},{"taxonomy":"post_tag","embeddable":true,"href":"https:\/\/www.europesays.com\/fr\/wp-json\/wp\/v2\/tags?post=317306"}],"curies":[{"name":"wp","href":"https:\/\/api.w.org\/{rel}","templated":true}]}}