{"id":31731,"date":"2025-04-17T13:11:13","date_gmt":"2025-04-17T13:11:13","guid":{"rendered":"https:\/\/www.europesays.com\/fr\/31731\/"},"modified":"2025-04-17T13:11:13","modified_gmt":"2025-04-17T13:11:13","slug":"angele-diffuse-son-dernier-titre-disco-a-little-more-qui-porte-une-marque-de-parfum","status":"publish","type":"post","link":"https:\/\/www.europesays.com\/fr\/31731\/","title":{"rendered":"Ang\u00e8le diffuse son dernier titre disco A\u00a0Little More qui porte une marque de parfum"},"content":{"rendered":"<p>La nouvelle chanson de l\u2019artiste belge, disponible depuis lundi, accompagne un clip publicitaire .<\/p>\n<p class=\"fig-paragraph\">D\u00e9voil\u00e9e en live lors d\u2019une soir\u00e9e priv\u00e9e le jeudi 3 avril,<a href=\"http:\/\/www.lefigaro.fr\/musique\/angele-surprend-ses-fans-avec-un-titre-inedit-qui-en-prefigure-d-autres-20250404\" data-fig-type=\"Article\" data-gtm-custom-categorie=\"navigation\" data-gtm-custom-action=\"crossclick\" data-gtm-custom-label=\"Contextuel\" data-gtm-event=\"customEventSPE\" data-fig-domain=\"LEFIGARO\" target=\"_blank\" rel=\"noopener\">\u00a0la nouvelle chanson d\u2019Ang\u00e8le<\/a>\u00a0a \u00e9t\u00e9 diffus\u00e9e sur les plateformes de streaming lundi 14 avril. Intitul\u00e9 A little More, ce titre court de 1\u00a0minute 23, a \u00e9t\u00e9 coproduit en f\u00e9vrier 2023, par l\u2019artiste belge et son fid\u00e8le compositeur, Tristan Salvati. On y entend la voix de la jeune femme interpr\u00e9ter, sur un rythme disco-pop, des paroles en franglais\u00a0: \u00ab\u00a0J\u2019y crois encore \/ I wanna play among the stars \/ A little more \/\u2019till they get into my eyes \/ A little more\u00a0\u00bb. Dans une capsule vid\u00e9o publi\u00e9e sur le site de haute couture, Ang\u00e8le revient bri\u00e8vement sur le processus cr\u00e9atif de son nouveau titre\u00a0: \u00ab J\u2019ai \u00e9crit la chanson lorsque j\u2019\u00e9tais \u00e0 New York [&#8230;] Je me suis inspir\u00e9e de sons disco, car c\u2019est un style l\u00e9ger qui correspond \u00e0 l\u2019espoir et \u00e0 la danse\u00a0\u00bb.<\/p>\n<p>Une chanson et un clip publicitaires<\/p>\n<p class=\"fig-paragraph\">Cette musique accompagne le clip publicitaire du nouveau parfum de la maison Chanel, dont Ang\u00e8le est l\u2019\u00e9g\u00e9rie depuis 2020. Dans cette vid\u00e9o r\u00e9alis\u00e9e par le cin\u00e9aste\u00a0<a href=\"http:\/\/www.lefigaro.fr\/cinema\/boude-par-le-cinema-jean-pierre-jeunet-le-pere-d-amelie-poulain-remercie-netflix-20220209\" data-fig-type=\"NewsFlash\" data-gtm-custom-categorie=\"navigation\" data-gtm-custom-action=\"crossclick\" data-gtm-custom-label=\"Contextuel\" data-gtm-event=\"customEventSPE\" data-fig-domain=\"LEFIGARO\" target=\"_blank\" rel=\"noopener\">Jean-Pierre Jeunet<\/a>\u00a0(Le Fabuleux Destin d\u2019Am\u00e9lie Poulain, Un long dimanche de fian\u00e7ailles), on y aper\u00e7oit Ang\u00e8le se promener dans un labyrinthe de miroir tr\u00e8s color\u00e9 et danser avec le nouveau produit de la marque. Ses fans s\u2019impatientent car, depuis la sortie de son deuxi\u00e8me album\u00a0<a href=\"http:\/\/www.lefigaro.fr\/musique\/angele-son-annonce-renversante-des-titres-de-son-album-nonante-cinq-20211027\" data-fig-type=\"Article\" data-gtm-custom-categorie=\"navigation\" data-gtm-custom-action=\"crossclick\" data-gtm-custom-label=\"Contextuel\" data-gtm-event=\"customEventSPE\" data-fig-domain=\"LEFIGARO\" target=\"_blank\" rel=\"noopener\">Nonante-Cinq\u00a0<\/a>en septembre 2021, l\u2019artiste belge se fait discr\u00e8te. En novembre 2024, elle avait toutefois collabor\u00e9 avec Damso sur le titre Tout Tenter et auparavant, en ao\u00fbt 2024, avait fait une apparition remarqu\u00e9e lors de la\u00a0<a href=\"http:\/\/www.lefigaro.fr\/musique\/kavinsky-air-yseult-we-love-green-2025-ressemble-beaucoup-a-la-ceremonie-de-cloture-des-jo-20241118\" data-fig-type=\"Article\" data-gtm-custom-categorie=\"navigation\" data-gtm-custom-action=\"crossclick\" data-gtm-custom-label=\"Contextuel\" data-gtm-event=\"customEventSPE\" data-fig-domain=\"LEFIGARO\" target=\"_blank\" rel=\"noopener\">c\u00e9r\u00e9monie de cl\u00f4ture des Jeux Olympiques de Paris<\/a>. Mais Ang\u00e8le pr\u00e9pare lentement mais s\u00fbrement son retour. En d\u00e9cembre 2024, le journal Le Monde avait r\u00e9v\u00e9l\u00e9 que la chanteuse concevait son nouveau disque \u00ab\u00a0\u00e0 son rythme\u00a0\u00bb. Mais pour l\u2019instant, aucune date de sortie n\u2019a \u00e9t\u00e9 communiqu\u00e9e.<\/p><\/p>\n","protected":false},"excerpt":{"rendered":"La nouvelle chanson de l\u2019artiste belge, disponible depuis lundi, accompagne un clip publicitaire . D\u00e9voil\u00e9e en live lors&hellip;\n","protected":false},"author":2,"featured_media":31732,"comment_status":"","ping_status":"","sticky":false,"template":"","format":"standard","meta":{"footnotes":""},"categories":[1355],"tags":[10751,2937,2932,1890,1695,2935,1696,2934,58,2933,59,1011,27,1361,873,2936,1698],"class_list":{"0":"post-31731","1":"post","2":"type-post","3":"status-publish","4":"format-standard","5":"has-post-thumbnail","7":"category-musique","8":"tag-angele","9":"tag-artistes","10":"tag-cd","11":"tag-chanel","12":"tag-chanson","13":"tag-chansons","14":"tag-chanteur","15":"tag-chason","16":"tag-divertissement","17":"tag-dvd","18":"tag-entertainment","19":"tag-fr","20":"tag-france","21":"tag-music","22":"tag-musique","23":"tag-musique-classique","24":"tag-musiques"},"share_on_mastodon":{"url":"https:\/\/pubeurope.com\/@fr\/114353476962815376","error":""},"_links":{"self":[{"href":"https:\/\/www.europesays.com\/fr\/wp-json\/wp\/v2\/posts\/31731","targetHints":{"allow":["GET"]}}],"collection":[{"href":"https:\/\/www.europesays.com\/fr\/wp-json\/wp\/v2\/posts"}],"about":[{"href":"https:\/\/www.europesays.com\/fr\/wp-json\/wp\/v2\/types\/post"}],"author":[{"embeddable":true,"href":"https:\/\/www.europesays.com\/fr\/wp-json\/wp\/v2\/users\/2"}],"replies":[{"embeddable":true,"href":"https:\/\/www.europesays.com\/fr\/wp-json\/wp\/v2\/comments?post=31731"}],"version-history":[{"count":0,"href":"https:\/\/www.europesays.com\/fr\/wp-json\/wp\/v2\/posts\/31731\/revisions"}],"wp:featuredmedia":[{"embeddable":true,"href":"https:\/\/www.europesays.com\/fr\/wp-json\/wp\/v2\/media\/31732"}],"wp:attachment":[{"href":"https:\/\/www.europesays.com\/fr\/wp-json\/wp\/v2\/media?parent=31731"}],"wp:term":[{"taxonomy":"category","embeddable":true,"href":"https:\/\/www.europesays.com\/fr\/wp-json\/wp\/v2\/categories?post=31731"},{"taxonomy":"post_tag","embeddable":true,"href":"https:\/\/www.europesays.com\/fr\/wp-json\/wp\/v2\/tags?post=31731"}],"curies":[{"name":"wp","href":"https:\/\/api.w.org\/{rel}","templated":true}]}}