{"id":317310,"date":"2025-08-13T22:58:14","date_gmt":"2025-08-13T22:58:14","guid":{"rendered":"https:\/\/www.europesays.com\/fr\/317310\/"},"modified":"2025-08-13T22:58:14","modified_gmt":"2025-08-13T22:58:14","slug":"aubagne-se-fait-preter-un-jeune-de-l1-rouen-devoile-son-maillot-exterieur-off","status":"publish","type":"post","link":"https:\/\/www.europesays.com\/fr\/317310\/","title":{"rendered":"Aubagne se fait pr\u00eater un jeune de L1, Rouen d\u00e9voile son maillot ext\u00e9rieur (off)"},"content":{"rendered":"<p>Zapping Foot National \u00c0 la 93, le film <\/p>\n<p>\u00c0 quelques heures seulement de la deuxi\u00e8me journ\u00e9e de la saison 2025-2026, le National continue de se m\u00e9tamorphoser. <a href=\"https:\/\/www.foot-national.com\/actus\/national-ajaccio-exclu-des-championnats-et-maintenant-921711\" rel=\"nofollow noopener\" target=\"_blank\">Ce mercredi 13 ao\u00fbt<\/a>, l\u2019AC Ajaccio a officiellement \u00e9t\u00e9 exclu des comp\u00e9titions nationales par la Direction Nationale du Contr\u00f4le de Gestion (DNCG) f\u00e9d\u00e9rale. De ce fait, la troisi\u00e8me division tricolore sera compos\u00e9e de 17 clubs cette ann\u00e9e, pour la deuxi\u00e8me cons\u00e9cutive. Dans la foul\u00e9e, Aubagne a officialis\u00e9 l\u2019arriv\u00e9e d\u2019un joueur de Ligue 1. D\u00e9j\u00e0 pr\u00eat\u00e9 en N1 la saison pass\u00e9e, Mokrane Bentoumi est de nouveau envoy\u00e9 assez loin par Le Havre. Le milieu de terrain offensif \u00e9voluait au FCVB la saison derni\u00e8re.\u00a0<\/p>\n<p>Rouen d\u00e9voile son nouveau maillot ext\u00e9rieur<\/p>\n<p>De son c\u00f4t\u00e9, le FC Rouen a d\u00e9cid\u00e9 de faire plaisir \u00e0 ses supporters. Le club fond\u00e9 en 1899 a effectivement d\u00e9voil\u00e9 ce qui sera son nouveau maillot ext\u00e9rieur pour la saison 2025-2026. Une tunique principalement blanche, avec des ressorts rouges. Les Diables Rouges l\u2019arboreront d\u00e8s ce vendredi soir (19h30) sur la pelouse du DFCO. \u00a0<\/p>\n<blockquote class=\"twitter-tweet\">\n<p dir=\"ltr\" lang=\"fr\">Rouen et ses symboles voyageront avec les Diables rouges tout au long de la saison !<br \/>Arbor\u00e9 fi\u00e8rement par trois recrues, notre maillot ext\u00e9rieur sera port\u00e9 en d\u00e9placement \u00e0 partir de vendredi. \ud83d\udd34\u26aa<\/p>\n<p>\ud83d\udc49 Disponible prochainement en boutique (centre-ville &amp; stade) et en ligne, au\u2026 <a href=\"https:\/\/t.co\/N6KOtjlCIR\" rel=\"nofollow\">pic.twitter.com\/N6KOtjlCIR<\/a><\/p>\n<p>\u2014 FC Rouen 1899 (@fcr1899) <a href=\"https:\/\/twitter.com\/fcr1899\/status\/1955683514516447565?ref_src=twsrc%5Etfw\" rel=\"nofollow noopener\" target=\"_blank\">August 13, 2025<\/a><\/p>\n<\/blockquote>\n<p>Partagez cette info avec vos amis et vos proches en cliquant ici<br \/>Pour r\u00e9sumer<\/p>\n<p>\u00c0 quelques heures seulement de la deuxi\u00e8me journ\u00e9e de la saison 2025-2026, le National continue de se m\u00e9tamorphoser. Ce mercredi 13 ao\u00fbt, l\u2019AC Ajaccio a officiellement \u00e9t\u00e9 exclu des comp\u00e9titions nationales par la Direction Nationale du Contr\u00f4le de Gestion (DNCG) f\u00e9d\u00e9rale.<\/p>\n<p> <img decoding=\"async\" width=\"76\" height=\"76\" loading=\"lazy\" src=\"https:\/\/static.wui.fr\/images_v3\/avatar-footnational.png\" alt=\"Youcef Ghalaza-Boudra\"\/><script async src=\"https:\/\/platform.twitter.com\/widgets.js\" charset=\"utf-8\"><\/script><\/p>\n","protected":false},"excerpt":{"rendered":"Zapping Foot National \u00c0 la 93, le film \u00c0 quelques heures seulement de la deuxi\u00e8me journ\u00e9e de la&hellip;\n","protected":false},"author":2,"featured_media":317311,"comment_status":"","ping_status":"","sticky":false,"template":"","format":"standard","meta":{"footnotes":""},"categories":[9587],"tags":[1111,11,1777,674,1011,27,12,5161,25,9590],"class_list":{"0":"post-317310","1":"post","2":"type-post","3":"status-publish","4":"format-standard","5":"has-post-thumbnail","7":"category-rouen","8":"tag-actu","9":"tag-actualites","10":"tag-eu","11":"tag-europe","12":"tag-fr","13":"tag-france","14":"tag-news","15":"tag-normandie","16":"tag-republique-francaise","17":"tag-rouen"},"share_on_mastodon":{"url":"https:\/\/pubeurope.com\/@fr\/115023937727382131","error":""},"_links":{"self":[{"href":"https:\/\/www.europesays.com\/fr\/wp-json\/wp\/v2\/posts\/317310","targetHints":{"allow":["GET"]}}],"collection":[{"href":"https:\/\/www.europesays.com\/fr\/wp-json\/wp\/v2\/posts"}],"about":[{"href":"https:\/\/www.europesays.com\/fr\/wp-json\/wp\/v2\/types\/post"}],"author":[{"embeddable":true,"href":"https:\/\/www.europesays.com\/fr\/wp-json\/wp\/v2\/users\/2"}],"replies":[{"embeddable":true,"href":"https:\/\/www.europesays.com\/fr\/wp-json\/wp\/v2\/comments?post=317310"}],"version-history":[{"count":0,"href":"https:\/\/www.europesays.com\/fr\/wp-json\/wp\/v2\/posts\/317310\/revisions"}],"wp:featuredmedia":[{"embeddable":true,"href":"https:\/\/www.europesays.com\/fr\/wp-json\/wp\/v2\/media\/317311"}],"wp:attachment":[{"href":"https:\/\/www.europesays.com\/fr\/wp-json\/wp\/v2\/media?parent=317310"}],"wp:term":[{"taxonomy":"category","embeddable":true,"href":"https:\/\/www.europesays.com\/fr\/wp-json\/wp\/v2\/categories?post=317310"},{"taxonomy":"post_tag","embeddable":true,"href":"https:\/\/www.europesays.com\/fr\/wp-json\/wp\/v2\/tags?post=317310"}],"curies":[{"name":"wp","href":"https:\/\/api.w.org\/{rel}","templated":true}]}}