{"id":317312,"date":"2025-08-13T23:01:11","date_gmt":"2025-08-13T23:01:11","guid":{"rendered":"https:\/\/www.europesays.com\/fr\/317312\/"},"modified":"2025-08-13T23:01:11","modified_gmt":"2025-08-13T23:01:11","slug":"pronostic-grenoble-foot-stade-lavallois-ligue-2","status":"publish","type":"post","link":"https:\/\/www.europesays.com\/fr\/317312\/","title":{"rendered":"Pronostic Grenoble Foot Stade Lavallois &#8211; Ligue 2"},"content":{"rendered":"<p class=\"text-xs leading-5 text-gray-400 mb-2\">\n                        Publi\u00e9 le 13\/08\/2025 11:00<br \/>\n                        \u00a0par<br \/>\n                                                            <a href=\"https:\/\/www.sportytrader.com\/auteur\/steeven-occhipinti-1\/\" target=\"_blank\" rel=\"noopener\">Steeven Occhipinti<\/a><\/p>\n<p>                                                                                                            dans<br \/>\n                                <a data-trans=\"tips.published.competition %competition%\" href=\"https:\/\/www.sportytrader.com\/pronostics\/football\/france\/ligue-2-124\/\" target=\"_blank\" rel=\"noopener\"><br \/>\n                                    Pronostic Ligue 2<br \/>\n                                <\/a><\/p>\n<p style=\"text-align: justify;\">Joli rendez-vous du multiplex de la 2e journ\u00e9e de la Ligue 2, ce vendredi \u00e0 20h00, entre le Grenoble Foot 38 et le Stade Lavallois au Stade des Alpes. Ce n&rsquo;est pas de la meilleure des mani\u00e8res que les locaux se sont lanc\u00e9s dans cette nouvelle saison. Ils n&rsquo;ont remport\u00e9 qu&rsquo;une seule de leurs 5 rencontres de pr\u00e9paration. Pour ne rien arranger, le club grenoblois est tomb\u00e9 pour sa 1re journ\u00e9e de championnat, sur la pelouse de l&rsquo;ES Troyes AC (2-1). L&rsquo;\u00e9quipe entra\u00een\u00e9e par\u00a0Franck Rizzetto n&rsquo;a pas \u00e9t\u00e9 aid\u00e9e par l&rsquo;expulsion de\u00a0Mamady Bangr\u00e9 avant la mi-temps, peu de temps apr\u00e8s qu&rsquo;il ait \u00e9galis\u00e9.<\/p>\n<p style=\"text-align: justify;\">Ce n&rsquo;est pas la m\u00eame histoire pour le Stade Lavallois. Le club lavallois a su engranger plus de confiance durant l&rsquo;\u00e9t\u00e9, en remportant 3 de ses 4 derni\u00e8res rencontres de pr\u00e9paration. Il n&rsquo;a pas lev\u00e9 le pied pour sa 1re journ\u00e9e de la Ligue 2. Au terme d&rsquo;un choc particuli\u00e8rement prolifique face \u00e0 l&rsquo;AS Saint-\u00c9tienne, les hommes d&rsquo;Olivier Frapolli sont parvenus \u00e0 arracher un score de parit\u00e9 (3-3). Un point face \u00e0 un cador qui devrait leur permettre de faire le plein de confiance. Ils ne voudront pas lever le pied pour ce d\u00e9placement du c\u00f4t\u00e9 de Grenoble.<\/p>\n","protected":false},"excerpt":{"rendered":"Publi\u00e9 le 13\/08\/2025 11:00 \u00a0par Steeven Occhipinti dans Pronostic Ligue 2 Joli rendez-vous du multiplex de la 2e&hellip;\n","protected":false},"author":2,"featured_media":317313,"comment_status":"","ping_status":"","sticky":false,"template":"","format":"standard","meta":{"footnotes":""},"categories":[9566],"tags":[1111,11,2430,1777,674,1011,27,2731,11705,446,12,1817,1821,25,40802],"class_list":{"0":"post-317312","1":"post","2":"type-post","3":"status-publish","4":"format-standard","5":"has-post-thumbnail","7":"category-grenoble","8":"tag-actu","9":"tag-actualites","10":"tag-auvergne-rhone-alpes","11":"tag-eu","12":"tag-europe","13":"tag-fr","14":"tag-france","15":"tag-grenoble","16":"tag-grenoble-foot","17":"tag-ligue-2","18":"tag-news","19":"tag-pronostic","20":"tag-pronostics","21":"tag-republique-francaise","22":"tag-stade-lavallois"},"share_on_mastodon":{"url":"https:\/\/pubeurope.com\/@fr\/115023949554541973","error":""},"_links":{"self":[{"href":"https:\/\/www.europesays.com\/fr\/wp-json\/wp\/v2\/posts\/317312","targetHints":{"allow":["GET"]}}],"collection":[{"href":"https:\/\/www.europesays.com\/fr\/wp-json\/wp\/v2\/posts"}],"about":[{"href":"https:\/\/www.europesays.com\/fr\/wp-json\/wp\/v2\/types\/post"}],"author":[{"embeddable":true,"href":"https:\/\/www.europesays.com\/fr\/wp-json\/wp\/v2\/users\/2"}],"replies":[{"embeddable":true,"href":"https:\/\/www.europesays.com\/fr\/wp-json\/wp\/v2\/comments?post=317312"}],"version-history":[{"count":0,"href":"https:\/\/www.europesays.com\/fr\/wp-json\/wp\/v2\/posts\/317312\/revisions"}],"wp:featuredmedia":[{"embeddable":true,"href":"https:\/\/www.europesays.com\/fr\/wp-json\/wp\/v2\/media\/317313"}],"wp:attachment":[{"href":"https:\/\/www.europesays.com\/fr\/wp-json\/wp\/v2\/media?parent=317312"}],"wp:term":[{"taxonomy":"category","embeddable":true,"href":"https:\/\/www.europesays.com\/fr\/wp-json\/wp\/v2\/categories?post=317312"},{"taxonomy":"post_tag","embeddable":true,"href":"https:\/\/www.europesays.com\/fr\/wp-json\/wp\/v2\/tags?post=317312"}],"curies":[{"name":"wp","href":"https:\/\/api.w.org\/{rel}","templated":true}]}}