{"id":317314,"date":"2025-08-13T23:03:14","date_gmt":"2025-08-13T23:03:14","guid":{"rendered":"https:\/\/www.europesays.com\/fr\/317314\/"},"modified":"2025-08-13T23:03:14","modified_gmt":"2025-08-13T23:03:14","slug":"camara-debarque-en-provenance-de-brest-officiel","status":"publish","type":"post","link":"https:\/\/www.europesays.com\/fr\/317314\/","title":{"rendered":"Camara d\u00e9barque en provenance de Brest (officiel)"},"content":{"rendered":"<p class=\"date\">\n                                                            Juba Touabi, Media365, publi\u00e9 le mercredi 13 ao\u00fbt 2025 \u00e0 23h45\n                                                    <\/p>\n<p>Le Stade Rennais poursuit son recrutement ambitieux avec l&rsquo;arriv\u00e9e de Mahdi Camara.<\/p>\n<p>Le milieu de terrain de 27 ans, en provenance du Stade Brestois, s&rsquo;est engag\u00e9 jusqu&rsquo;en 2029 pour un montant estim\u00e9 \u00e0 8 millions d&rsquo;euros. Un transfert strat\u00e9gique, qui s&rsquo;inscrit dans la volont\u00e9 du club breton de miser sur des valeurs s\u00fbres du championnat de France. R\u00e9put\u00e9 pour son volume de jeu, sa rigueur d\u00e9fensive et sa capacit\u00e9 \u00e0 se projeter, Mahdi Camara s&rsquo;est affirm\u00e9 ces derni\u00e8res saisons comme l&rsquo;un des meilleurs milieux \u00ab box-to-box \u00bb de Ligue 1.<\/p>\n<p>Form\u00e9 \u00e0 l&rsquo;AS Saint-\u00c9tienne, pass\u00e9 bri\u00e8vement par Laval, Mahdi Camara s&rsquo;\u00e9tait impos\u00e9 comme un pilier du Stade Brestois depuis son arriv\u00e9e en 2022. Pl\u00e9biscit\u00e9 par les supporters brestois, qui l&rsquo;ont \u00e9lu joueur de la saison 2024\/2025, il a \u00e9t\u00e9 l&rsquo;un des artisans majeurs de la troisi\u00e8me place historique du club lors de la saison 2023\/2024. \u00a0Courtis\u00e9 par plusieurs clubs de Ligue 1, dont l&rsquo;OGC Nice, le milieu de terrain a finalement choisi Rennes, s\u00e9duit par la coh\u00e9rence et l&rsquo;ambition du projet.<\/p>\n<p>Un profil taill\u00e9 pour le jeu rennais<\/p>\n<p>\u00ab Mahdi a acquis une tr\u00e8s belle exp\u00e9rience et une grande maturit\u00e9 lors de ses derni\u00e8res saisons avec Brest. En recrutant Mahdi, nous nous appuyons sur un profil complet capable de mettre beaucoup d&rsquo;intensit\u00e9 sur le terrain, avec un grand leadership \u00bb, s&rsquo;est f\u00e9licit\u00e9 Lo\u00efc D\u00e9sir\u00e9, directeur sportif du club. De son c\u00f4t\u00e9, le pr\u00e9sident Arnaud Pouille a indiqu\u00e9\u00a0: \u00ab\u00a0Mahdi sort de trois saisons de tr\u00e8s haut niveau avec Brest, un joueur anim\u00e9 d&rsquo;une tr\u00e8s grande \u00e2me de comp\u00e9titeur, que sauront appr\u00e9cier les supporters du Roazhon Park. \u00bb<\/p>\n<p>Pour le principal int\u00e9ress\u00e9, cette signature marque une \u00e9tape logique dans sa progression. \u00ab On sait que le Stade Rennais est un club ambitieux et \u00e7a me pla\u00eet. J&rsquo;ai pu \u00e9changer avec Ibrahim Salah et Romain Del Castillo, ils ne m&rsquo;ont dit que du bien de Rennes. Mon envie est de continuer de faire ce que je j&rsquo;ai pu bien faire par le pass\u00e9. \u00c0 27 ans, je sais \u00e9galement que je peux encore progresser, je pense \u00eatre au bon endroit pour \u00e7a \u00bb, a-t-il d\u00e9clar\u00e9 sur le site du Stade Rennais FC.<\/p>\n","protected":false},"excerpt":{"rendered":"Juba Touabi, Media365, publi\u00e9 le mercredi 13 ao\u00fbt 2025 \u00e0 23h45 Le Stade Rennais poursuit son recrutement ambitieux&hellip;\n","protected":false},"author":2,"featured_media":317315,"comment_status":"","ping_status":"","sticky":false,"template":"","format":"standard","meta":{"footnotes":""},"categories":[2821],"tags":[1111,11,829,1777,674,1011,27,12,584,25],"class_list":{"0":"post-317314","1":"post","2":"type-post","3":"status-publish","4":"format-standard","5":"has-post-thumbnail","7":"category-rennes","8":"tag-actu","9":"tag-actualites","10":"tag-bretagne","11":"tag-eu","12":"tag-europe","13":"tag-fr","14":"tag-france","15":"tag-news","16":"tag-rennes","17":"tag-republique-francaise"},"share_on_mastodon":{"url":"https:\/\/pubeurope.com\/@fr\/115023957372515240","error":""},"_links":{"self":[{"href":"https:\/\/www.europesays.com\/fr\/wp-json\/wp\/v2\/posts\/317314","targetHints":{"allow":["GET"]}}],"collection":[{"href":"https:\/\/www.europesays.com\/fr\/wp-json\/wp\/v2\/posts"}],"about":[{"href":"https:\/\/www.europesays.com\/fr\/wp-json\/wp\/v2\/types\/post"}],"author":[{"embeddable":true,"href":"https:\/\/www.europesays.com\/fr\/wp-json\/wp\/v2\/users\/2"}],"replies":[{"embeddable":true,"href":"https:\/\/www.europesays.com\/fr\/wp-json\/wp\/v2\/comments?post=317314"}],"version-history":[{"count":0,"href":"https:\/\/www.europesays.com\/fr\/wp-json\/wp\/v2\/posts\/317314\/revisions"}],"wp:featuredmedia":[{"embeddable":true,"href":"https:\/\/www.europesays.com\/fr\/wp-json\/wp\/v2\/media\/317315"}],"wp:attachment":[{"href":"https:\/\/www.europesays.com\/fr\/wp-json\/wp\/v2\/media?parent=317314"}],"wp:term":[{"taxonomy":"category","embeddable":true,"href":"https:\/\/www.europesays.com\/fr\/wp-json\/wp\/v2\/categories?post=317314"},{"taxonomy":"post_tag","embeddable":true,"href":"https:\/\/www.europesays.com\/fr\/wp-json\/wp\/v2\/tags?post=317314"}],"curies":[{"name":"wp","href":"https:\/\/api.w.org\/{rel}","templated":true}]}}