{"id":317334,"date":"2025-08-13T23:18:09","date_gmt":"2025-08-13T23:18:09","guid":{"rendered":"https:\/\/www.europesays.com\/fr\/317334\/"},"modified":"2025-08-13T23:18:09","modified_gmt":"2025-08-13T23:18:09","slug":"radio-grenouille-fait-vibrer-la-vieille-charite-le-temps-dune-nuit-festive","status":"publish","type":"post","link":"https:\/\/www.europesays.com\/fr\/317334\/","title":{"rendered":"Radio Grenouille fait vibrer la Vieille Charit\u00e9 le temps d\u2019une nuit festive"},"content":{"rendered":"\n<p>Au Mus\u00e9e d\u2019Art Africains, Oc\u00e9aniens et Am\u00e9rindiens (MAAOA), Radio Grenouille, radio associative culturelle marseillaise a carte blanche pour cultiver et faire danser les visiteurs. D\u00e8s 19h30, cet \u00e9v\u00e9nement gratuit est ouvert \u00e0 tous, sur r\u00e9servation.<\/p>\n<p>Les diff\u00e9rentes salles du Centre de la Vieille Charit\u00e9 seront ouvertes. Ils pourront notamment d\u00e9couvrir, ou red\u00e9couvrir, les expositions \u00ab\u00a0Laure Prouvost &#8211; M\u00e8re We Sea\u00a0\u00bb et \u00ab\u00a0Tatouage, Histoires de la M\u00e9diterran\u00e9e\u00a0\u00bb . Laure Prouvost, vid\u00e9aste et artiste fran\u00e7aise importante de la sc\u00e8ne internationale, a d\u00e9ploy\u00e9 une installation plastique in\u00e9dite, enrichie de t\u00e9moignages oraux des habitants du Panier. Quant \u00e0 la deuxi\u00e8me exposition, elle retrace les pratiques du tatouage \u00e0 travers les si\u00e8cles. La radio associative marseillaise proposera un plateau radio d\u00e9di\u00e9 \u00e0 la d\u00e9couverte de ces expos.<\/p>\n<p>Et, au programme, un DJ\u00a0set de Rorre Ecco, des lives de bass music par Goldie\u00a0B et pour cl\u00f4turer la soir\u00e9e en beaut\u00e9, la Samba\u00a0Club des franco-br\u00e9siliens PPJ. Une piste de danse qui promet de s\u2019embraser au rythme des diff\u00e9rentes musicalit\u00e9s.<\/p>\n","protected":false},"excerpt":{"rendered":"Au Mus\u00e9e d\u2019Art Africains, Oc\u00e9aniens et Am\u00e9rindiens (MAAOA), Radio Grenouille, radio associative culturelle marseillaise a carte blanche pour&hellip;\n","protected":false},"author":2,"featured_media":317335,"comment_status":"","ping_status":"","sticky":false,"template":"","format":"standard","meta":{"footnotes":""},"categories":[2814],"tags":[1111,11,1777,674,1011,27,43970,884,12,882,25],"class_list":{"0":"post-317334","1":"post","2":"type-post","3":"status-publish","4":"format-standard","5":"has-post-thumbnail","7":"category-marseille","8":"tag-actu","9":"tag-actualites","10":"tag-eu","11":"tag-europe","12":"tag-fr","13":"tag-france","14":"tag-ines-painvin","15":"tag-marseille","16":"tag-news","17":"tag-provence-alpes-cote-dazur","18":"tag-republique-francaise"},"share_on_mastodon":{"url":"https:\/\/pubeurope.com\/@fr\/115024016460472764","error":""},"_links":{"self":[{"href":"https:\/\/www.europesays.com\/fr\/wp-json\/wp\/v2\/posts\/317334","targetHints":{"allow":["GET"]}}],"collection":[{"href":"https:\/\/www.europesays.com\/fr\/wp-json\/wp\/v2\/posts"}],"about":[{"href":"https:\/\/www.europesays.com\/fr\/wp-json\/wp\/v2\/types\/post"}],"author":[{"embeddable":true,"href":"https:\/\/www.europesays.com\/fr\/wp-json\/wp\/v2\/users\/2"}],"replies":[{"embeddable":true,"href":"https:\/\/www.europesays.com\/fr\/wp-json\/wp\/v2\/comments?post=317334"}],"version-history":[{"count":0,"href":"https:\/\/www.europesays.com\/fr\/wp-json\/wp\/v2\/posts\/317334\/revisions"}],"wp:featuredmedia":[{"embeddable":true,"href":"https:\/\/www.europesays.com\/fr\/wp-json\/wp\/v2\/media\/317335"}],"wp:attachment":[{"href":"https:\/\/www.europesays.com\/fr\/wp-json\/wp\/v2\/media?parent=317334"}],"wp:term":[{"taxonomy":"category","embeddable":true,"href":"https:\/\/www.europesays.com\/fr\/wp-json\/wp\/v2\/categories?post=317334"},{"taxonomy":"post_tag","embeddable":true,"href":"https:\/\/www.europesays.com\/fr\/wp-json\/wp\/v2\/tags?post=317334"}],"curies":[{"name":"wp","href":"https:\/\/api.w.org\/{rel}","templated":true}]}}