{"id":317336,"date":"2025-08-13T23:19:16","date_gmt":"2025-08-13T23:19:16","guid":{"rendered":"https:\/\/www.europesays.com\/fr\/317336\/"},"modified":"2025-08-13T23:19:16","modified_gmt":"2025-08-13T23:19:16","slug":"la-reponse-du-club-dathletisme-marseillais","status":"publish","type":"post","link":"https:\/\/www.europesays.com\/fr\/317336\/","title":{"rendered":"la r\u00e9ponse du club d&rsquo;athl\u00e9tisme marseillais"},"content":{"rendered":"<p>Le parquet de Marseille a indiqu\u00e9, ce mercredi, <a href=\"https:\/\/www.laprovence.com\/article\/sports\/1956798719667214\/athletisme-un-ancien-entraineur-du-smuc-ecroue-pour-viol-et-agression-sexuelle-sur-mineurs\" target=\"_blank\" rel=\"noopener\">la mise en examen et le placement en d\u00e9tention en juin<\/a> d&rsquo;un entra\u00eeneur d&rsquo;athl\u00e9tisme du Smuc <strong>pour viol et agression sexuelle sur mineurs<\/strong>, confirmant une information de Marsactu. Selon le site marseillais d&rsquo;investigation, l&rsquo;homme \u00e9tait <strong>en charge de l&rsquo;encadrement des jeunes de 13-17\u00a0ans<\/strong>\u00a0et responsable du lancer.<\/p>\n<p>Il a \u00e9t\u00e9 mis en examen et plac\u00e9 en d\u00e9tention provisoire le 26\u00a0juin pour \u00ab\u00a0<strong>viol sur mineur\u00a0de 15\u00a0ans, agression sexuelle sur mineur de 15\u00a0ans, viol par personne abusant de l&rsquo;autorit\u00e9 que lui conf\u00e8re sa fonction et agression sexuelle par personne abusant de l&rsquo;autorit\u00e9 que lui conf\u00e8re sa fonction<\/strong>\u00ab\u00a0, a d\u00e9taill\u00e9 le parquet, sollicit\u00e9 par l&rsquo;AFP, avant d&rsquo;ajouter qu&rsquo;il y a \u00ab\u00a0plusieurs victimes\u00a0\u00bb.<\/p>\n<p>Ce mercredi, en fin d&rsquo;apr\u00e8s-midi, le Smuc a d\u00e9cid\u00e9 de r\u00e9agir via un communiqu\u00e9. \u00ab\u00a0Le Smuc a \u00e9t\u00e9 inform\u00e9 de graves faits reproch\u00e9s \u00e0 Michel M., coach au sein de la section athl\u00e9tisme, en f\u00e9vrier 2024. D\u00e8s que ces faits ont \u00e9t\u00e9 port\u00e9s \u00e0 sa connaissance, <strong>le Smuc a pris toutes les mesures d&rsquo;urgence qu&rsquo;elle pouvait \u00e0 l&rsquo;\u00e9gard des athl\u00e8tes plaignantes, des autres athl\u00e8tes et a \u00e9cart\u00e9 sans d\u00e9lai Monsieur Michel M. de toute fonction encadrante<\/strong>, souligne l&rsquo;entit\u00e9 phoc\u00e9enne.\u00a0\u00a0D\u00e8s que nous avons su qu&rsquo;il y avait un d\u00e9p\u00f4t de plainte entra\u00eenant la suspension de Michel M. par la f\u00e9d\u00e9ration d&rsquo;athl\u00e9tisme, nous avons men\u00e9 une enqu\u00eate interne et d\u00e9pos\u00e9 un proc\u00e8s-verbal de renseignement \u00e0 la police.\u00a0\u00a0En raison du secret de l&rsquo;enqu\u00eate et de l&rsquo;instruction (article 11 du code de proc\u00e9dure p\u00e9nale) et de la pr\u00e9somption d&rsquo;innocence dont b\u00e9n\u00e9ficie Monsieur Michel M. nous ne disposions que de tr\u00e8s peu d&rsquo;informations de la part des services de police.\u00a0\u00bb<\/p>\n<p>Mais le club marseillais a \u00e9galement indiqu\u00e9 qu&rsquo;\u00e0 la suite \u00ab\u00a0d&rsquo;autres informations r\u00e9colt\u00e9es en interne\u00a0\u00bb, \u00ab\u00a0<strong>d&rsquo;autres personnes de la section athl\u00e9tisme ont \u00e9t\u00e9 suspendues<\/strong> ; et ce au fil de l&rsquo;\u00e9volution de la proc\u00e9dure p\u00e9nale \u00e0 l&rsquo;encontre de Michel M. et des connaissances que nous avions du dossier\u00a0\u00bb.\u00a0<\/p>\n<p>Des mesures mises en place<\/p>\n<p>\u00ab\u00a0Le Smuc a mis en place toutes les mesures \u00e0 sa disposition pour prot\u00e9ger (nos) athl\u00e8tes et leurs familles dans une situation d&rsquo;urgence et avec un niveau faible d&rsquo;information, poursuit le club. Nous avons appris que de mani\u00e8re tr\u00e8s r\u00e9cente la mise en examen de Monsieur M.Michel M. Suite \u00e0 cette mise en examen, <strong>le Smuc s&rsquo;est constitu\u00e9 partie civile aupr\u00e8s du Juge d&rsquo;instruction du Tribunal judiciaire de Marseille<\/strong> et notre constitution a \u00e9t\u00e9 d\u00e9clar\u00e9e recevable en raison de notre statut de victime collat\u00e9rale dans cette affaire. L&rsquo;enqu\u00eate \u00e9tant en cours, nous ne commenterons pas davantage cette situation et nous attendons la r\u00e9ponse de la justice.\u00a0\u00bb<\/p>\n<p>Pour finir, l&rsquo;association marseillaise indique avoir mis en place des \u00ab\u00a0formations VSS (lutte contre les violences sexistes et sexuelles, Ndlr) et une r\u00e9f\u00e9rente d\u00e9di\u00e9e\u00a0\u00bb afin que \u00ab\u00a0cette situation ne puisse plus se reproduire\u00a0\u00bb.<\/p>\n","protected":false},"excerpt":{"rendered":"Le parquet de Marseille a indiqu\u00e9, ce mercredi, la mise en examen et le placement en d\u00e9tention en&hellip;\n","protected":false},"author":2,"featured_media":317337,"comment_status":"","ping_status":"","sticky":false,"template":"","format":"standard","meta":{"footnotes":""},"categories":[2814],"tags":[17,1111,11,1120,4773,1994,1777,674,1011,27,884,12,471,882,25,19684,45582,60,1265],"class_list":{"0":"post-317336","1":"post","2":"type-post","3":"status-publish","4":"format-standard","5":"has-post-thumbnail","7":"category-marseille","8":"tag-17","9":"tag-actu","10":"tag-actualites","11":"tag-agression","12":"tag-detention","13":"tag-entraineur","14":"tag-eu","15":"tag-europe","16":"tag-fr","17":"tag-france","18":"tag-marseille","19":"tag-news","20":"tag-pour","21":"tag-provence-alpes-cote-dazur","22":"tag-republique-francaise","23":"tag-sexuelle","24":"tag-smuc","25":"tag-sports","26":"tag-viol"},"share_on_mastodon":{"url":"https:\/\/pubeurope.com\/@fr\/115024020638110356","error":""},"_links":{"self":[{"href":"https:\/\/www.europesays.com\/fr\/wp-json\/wp\/v2\/posts\/317336","targetHints":{"allow":["GET"]}}],"collection":[{"href":"https:\/\/www.europesays.com\/fr\/wp-json\/wp\/v2\/posts"}],"about":[{"href":"https:\/\/www.europesays.com\/fr\/wp-json\/wp\/v2\/types\/post"}],"author":[{"embeddable":true,"href":"https:\/\/www.europesays.com\/fr\/wp-json\/wp\/v2\/users\/2"}],"replies":[{"embeddable":true,"href":"https:\/\/www.europesays.com\/fr\/wp-json\/wp\/v2\/comments?post=317336"}],"version-history":[{"count":0,"href":"https:\/\/www.europesays.com\/fr\/wp-json\/wp\/v2\/posts\/317336\/revisions"}],"wp:featuredmedia":[{"embeddable":true,"href":"https:\/\/www.europesays.com\/fr\/wp-json\/wp\/v2\/media\/317337"}],"wp:attachment":[{"href":"https:\/\/www.europesays.com\/fr\/wp-json\/wp\/v2\/media?parent=317336"}],"wp:term":[{"taxonomy":"category","embeddable":true,"href":"https:\/\/www.europesays.com\/fr\/wp-json\/wp\/v2\/categories?post=317336"},{"taxonomy":"post_tag","embeddable":true,"href":"https:\/\/www.europesays.com\/fr\/wp-json\/wp\/v2\/tags?post=317336"}],"curies":[{"name":"wp","href":"https:\/\/api.w.org\/{rel}","templated":true}]}}