{"id":317339,"date":"2025-08-13T23:21:12","date_gmt":"2025-08-13T23:21:12","guid":{"rendered":"https:\/\/www.europesays.com\/fr\/317339\/"},"modified":"2025-08-13T23:21:12","modified_gmt":"2025-08-13T23:21:12","slug":"metropole-de-lyon-un-homme-reanime-apres-une-noyade-a-miribel-jonage","status":"publish","type":"post","link":"https:\/\/www.europesays.com\/fr\/317339\/","title":{"rendered":"M\u00e9tropole de Lyon. Un homme r\u00e9anim\u00e9 apr\u00e8s une noyade \u00e0 Miribel-Jonage"},"content":{"rendered":"<p>Les sapeurs-pompiers ont \u00e9t\u00e9 appel\u00e9s aux alentours de 18\u00a0h\u00a030, ce mercredi 13\u00a0ao\u00fbt, pour une personne en train de se noyer dans un point d\u2019eau du parc de Miribel-Jonage. Arriv\u00e9s sur place vers 18\u00a0h\u00a045, ils sont parvenus \u00e0 sortir la victime de l\u2019eau et \u00e0 la r\u00e9animer.<\/p>\n<p>  Plusieurs noyades cette semaine<\/p>\n<p>Celle-ci a pu \u00eatre sauv\u00e9e, mais aucune information suppl\u00e9mentaire sur son \u00e9tat de sant\u00e9 n\u2019a \u00e9t\u00e9 communiqu\u00e9e \u00e0 ce stade. Il s\u2019agit de la seconde op\u00e9ration de sauvetage cette semaine au parc de Miribel. Lundi 11\u00a0ao\u00fbt, un jeune homme de 22 ans a \u00e9t\u00e9 \u00e9vacu\u00e9 en urgence absolue de la plage de l\u2019Atol\u2019 au Grand Parc de Miribel-Jonage.<\/p>\n<p>Il se baignait avec des amis \u00e0 la limite de la zone surveill\u00e9e\u00a0quand il a brusquement disparu vers 17 heures. Ce mardi 12\u00a0ao\u00fbt, un homme d\u2019environ 25 ans a perdu la vie en tentant de secourir son chien la cascade <a href=\"https:\/\/www.leprogres.fr\/faits-divers-justice\/2025\/08\/13\/j-ai-tente-de-l-en-dissuader-il-est-mort-en-heros-chris-a-voulu-sauver-l-homme-mort-noye-en-secourant-son-chien\" target=\"_blank\" rel=\"nofollow noopener\">de la digue du Seuil de la Feyssine \u00e0 Villeurbanne<\/a>.<\/p>\n","protected":false},"excerpt":{"rendered":"Les sapeurs-pompiers ont \u00e9t\u00e9 appel\u00e9s aux alentours de 18\u00a0h\u00a030, ce mercredi 13\u00a0ao\u00fbt, pour une personne en train de&hellip;\n","protected":false},"author":2,"featured_media":317340,"comment_status":"","ping_status":"","sticky":false,"template":"","format":"standard","meta":{"footnotes":""},"categories":[1889],"tags":[1111,11,2430,2757,1777,674,274,107,1011,27,2428,2756,12,25,2429],"class_list":{"0":"post-317339","1":"post","2":"type-post","3":"status-publish","4":"format-standard","5":"has-post-thumbnail","7":"category-lyon","8":"tag-actu","9":"tag-actualites","10":"tag-auvergne-rhone-alpes","11":"tag-edition-lyon-villeurbanne","12":"tag-eu","13":"tag-europe","14":"tag-faits-divers-justice","15":"tag-fil-info","16":"tag-fr","17":"tag-france","18":"tag-lyon","19":"tag-lyon-bassin","20":"tag-news","21":"tag-republique-francaise","22":"tag-rhone"},"share_on_mastodon":{"url":"https:\/\/pubeurope.com\/@fr\/115024028142617354","error":""},"_links":{"self":[{"href":"https:\/\/www.europesays.com\/fr\/wp-json\/wp\/v2\/posts\/317339","targetHints":{"allow":["GET"]}}],"collection":[{"href":"https:\/\/www.europesays.com\/fr\/wp-json\/wp\/v2\/posts"}],"about":[{"href":"https:\/\/www.europesays.com\/fr\/wp-json\/wp\/v2\/types\/post"}],"author":[{"embeddable":true,"href":"https:\/\/www.europesays.com\/fr\/wp-json\/wp\/v2\/users\/2"}],"replies":[{"embeddable":true,"href":"https:\/\/www.europesays.com\/fr\/wp-json\/wp\/v2\/comments?post=317339"}],"version-history":[{"count":0,"href":"https:\/\/www.europesays.com\/fr\/wp-json\/wp\/v2\/posts\/317339\/revisions"}],"wp:featuredmedia":[{"embeddable":true,"href":"https:\/\/www.europesays.com\/fr\/wp-json\/wp\/v2\/media\/317340"}],"wp:attachment":[{"href":"https:\/\/www.europesays.com\/fr\/wp-json\/wp\/v2\/media?parent=317339"}],"wp:term":[{"taxonomy":"category","embeddable":true,"href":"https:\/\/www.europesays.com\/fr\/wp-json\/wp\/v2\/categories?post=317339"},{"taxonomy":"post_tag","embeddable":true,"href":"https:\/\/www.europesays.com\/fr\/wp-json\/wp\/v2\/tags?post=317339"}],"curies":[{"name":"wp","href":"https:\/\/api.w.org\/{rel}","templated":true}]}}