{"id":317341,"date":"2025-08-13T23:23:17","date_gmt":"2025-08-13T23:23:17","guid":{"rendered":"https:\/\/www.europesays.com\/fr\/317341\/"},"modified":"2025-08-13T23:23:17","modified_gmt":"2025-08-13T23:23:17","slug":"paris-une-femme-victime-dune-tentative-de-feminicide-dans-le-18e-arrondissement","status":"publish","type":"post","link":"https:\/\/www.europesays.com\/fr\/317341\/","title":{"rendered":"Paris\u00a0: une femme victime d&rsquo;une tentative de f\u00e9minicide dans le 18\u00e8 arrondissement"},"content":{"rendered":"<p>Une femme a \u00e9t\u00e9 victime d&rsquo;une tentative de f\u00e9minicide dans le 18\u00e8 arrondissement . Son conjoint a \u00e9t\u00e9 plac\u00e9 en garde \u00e0 vue. <\/p>\n<p><strong>Une femme a \u00e9t\u00e9 victime d&rsquo;une tentative de f\u00e9minicide dans le 18\u00e8 arrondissement ce mercredi matin<\/strong>. Elle aurait subi un d\u00e9ferlement de violence avant d&rsquo;\u00eatre retrouv\u00e9e \u00e9visc\u00e9r\u00e9e. Contact\u00e9 par ICI Paris \u00cele-de-France, le Parquet de Paris pr\u00e9cise que \u00ab\u00a0la victime pr\u00e9sentait plusieurs plaies apparentes sur le corps\u00a0\u00bb. Il ajoute \u00e9galement qu'\u00a0\u00bbun homme a \u00e9t\u00e9 plac\u00e9 en garde \u00e0 vue\u00a0\u00bb. Egalement contact\u00e9s par ICI Paris \u00cele-de-France, les pompiers de Paris pr\u00e9cisent que leur intervention s&rsquo;est d\u00e9roul\u00e9e \u00ab\u00a0aux alentours de 9h, rue Vauvenargues\u00a0\u00bb.<\/p>\n<p>Un enfant de 3 ans \u00e9tait pr\u00e9sent dans l&rsquo;appartement lors du drame. \u00ab\u00a0Il a fait l&rsquo;objet d&rsquo;un accueil provisoire conform\u00e9ment au protocole mis en place par le Parquet de Paris dans un tel cas\u00a0\u00bb. Le Parquet explique \u00e9galement qu'\u00a0\u00bb<strong>une enqu\u00eate a \u00e9t\u00e9 confi\u00e9e au 2\u00e8 DPJ pour tentative d&rsquo;homicide volontaire par conjoint<\/strong>\u00ab\u00a0.<\/p>\n","protected":false},"excerpt":{"rendered":"Une femme a \u00e9t\u00e9 victime d&rsquo;une tentative de f\u00e9minicide dans le 18\u00e8 arrondissement . Son conjoint a \u00e9t\u00e9&hellip;\n","protected":false},"author":2,"featured_media":317342,"comment_status":"","ping_status":"","sticky":false,"template":"","format":"standard","meta":{"footnotes":""},"categories":[1592],"tags":[1111,11,1777,674,1011,27,662,12,626,25],"class_list":{"0":"post-317341","1":"post","2":"type-post","3":"status-publish","4":"format-standard","5":"has-post-thumbnail","7":"category-ile-de-france","8":"tag-actu","9":"tag-actualites","10":"tag-eu","11":"tag-europe","12":"tag-fr","13":"tag-france","14":"tag-ile-de-france","15":"tag-news","16":"tag-paris","17":"tag-republique-francaise"},"share_on_mastodon":{"url":"https:\/\/pubeurope.com\/@fr\/115024036108340150","error":""},"_links":{"self":[{"href":"https:\/\/www.europesays.com\/fr\/wp-json\/wp\/v2\/posts\/317341","targetHints":{"allow":["GET"]}}],"collection":[{"href":"https:\/\/www.europesays.com\/fr\/wp-json\/wp\/v2\/posts"}],"about":[{"href":"https:\/\/www.europesays.com\/fr\/wp-json\/wp\/v2\/types\/post"}],"author":[{"embeddable":true,"href":"https:\/\/www.europesays.com\/fr\/wp-json\/wp\/v2\/users\/2"}],"replies":[{"embeddable":true,"href":"https:\/\/www.europesays.com\/fr\/wp-json\/wp\/v2\/comments?post=317341"}],"version-history":[{"count":0,"href":"https:\/\/www.europesays.com\/fr\/wp-json\/wp\/v2\/posts\/317341\/revisions"}],"wp:featuredmedia":[{"embeddable":true,"href":"https:\/\/www.europesays.com\/fr\/wp-json\/wp\/v2\/media\/317342"}],"wp:attachment":[{"href":"https:\/\/www.europesays.com\/fr\/wp-json\/wp\/v2\/media?parent=317341"}],"wp:term":[{"taxonomy":"category","embeddable":true,"href":"https:\/\/www.europesays.com\/fr\/wp-json\/wp\/v2\/categories?post=317341"},{"taxonomy":"post_tag","embeddable":true,"href":"https:\/\/www.europesays.com\/fr\/wp-json\/wp\/v2\/tags?post=317341"}],"curies":[{"name":"wp","href":"https:\/\/api.w.org\/{rel}","templated":true}]}}