{"id":317343,"date":"2025-08-13T23:24:11","date_gmt":"2025-08-13T23:24:11","guid":{"rendered":"https:\/\/www.europesays.com\/fr\/317343\/"},"modified":"2025-08-13T23:24:11","modified_gmt":"2025-08-13T23:24:11","slug":"le-paris-saint-germain-remporte-la-supercoupe-deurope-en-renversant-tottenham-en-fin-de-match","status":"publish","type":"post","link":"https:\/\/www.europesays.com\/fr\/317343\/","title":{"rendered":"Le Paris Saint-Germain remporte la Supercoupe d\u2019Europe en renversant Tottenham en fin de match"},"content":{"rendered":"<p>                         <img loading=\"lazy\" decoding=\"async\" src=\"https:\/\/www.europesays.com\/fr\/wp-content\/uploads\/2025\/08\/2213b0c_ftp-import-images-1-xvbgls0geja4-2025-08-13t214400z-2038576053-up1el8d1odav0-rtrmadp-3-socce.jpeg\" alt=\"Les Parisiens ont remport\u00e9 la Supercoupe d\u2019Europe face \u00e0 Tottenham, \u00e0 Udine, en Italie, le 13\u00a0ao\u00fbt 2025.\"   width=\"664\" height=\"443\"\/>    Les Parisiens ont remport\u00e9 la Supercoupe d\u2019Europe face \u00e0 Tottenham, \u00e0 Udine, en Italie, le 13\u00a0ao\u00fbt 2025.  GUGLIELMO MANGIAPANE \/ REUTERS                 <\/p>\n<p class=\"article__paragraph  \">Dans l\u2019histoire du Paris Saint-Germain (PSG), les premiers et seuls souvenirs de Supercoupe d\u2019Europe \u00e9taient particuli\u00e8rement d\u00e9sagr\u00e9ables\u00a0: une d\u00e9route face \u00e0 la Juventus Turin lors d\u2019un match aller-retour au d\u00e9but de l\u2019ann\u00e9e 1997 (1-6, 1-3). Vingt-huit ans plus tard, le club de la capitale a chang\u00e9 de dimension, in\u00e9dit vainqueur de la finale de la Ligue des champions contre l\u2019Inter Milan (5-0), fin mai, et d\u00e9sormais, tout premier club fran\u00e7ais \u00e0 remporter la Supercoupe d\u2019Europe apr\u00e8s son succ\u00e8s aux tirs au but face \u00e0 Tottenham (2-2, 4-3\u00a0t.a.b.), mercredi 13\u00a0ao\u00fbt au\u00a0stade Friuli d\u2019Udine (Italie).<\/p>\n<p>   Lire plus tard  <\/p>\n<p class=\"article__paragraph  \">A cinq minutes de la fin du temps r\u00e9glementaire de cette rencontre face \u00e0 Tottenham, l\u2019histoire semblait pourtant de nouveau bien mal engag\u00e9e pour le PSG. Men\u00e9e de deux buts, l\u2019\u00e9quipe entra\u00een\u00e9e par Luis Enrique s\u2019appr\u00eatait \u00e0 revivre la d\u00e9ception de laisser \u00e9chapper un troph\u00e9e face \u00e0 un club londonien, un mois jour pour jour apr\u00e8s la d\u00e9faite en finale de <a href=\"https:\/\/www.lemonde.fr\/sport\/article\/2025\/07\/13\/le-psg-echoue-en-finale-du-mondial-des-clubs-au-terme-d-une-saison-exceptionnelle_6621053_3242.html\" rel=\"nofollow noopener\" target=\"_blank\">la Coupe du monde des clubs face \u00e0 Chelsea<\/a> (0-3), le 13\u00a0juillet.<\/p>\n<p class=\"article__paragraph  \">Avec une pr\u00e9paration aussi courte, six petits entra\u00eenements collectifs dans les jambes et pas le moindre match amical \u2013 une situation in\u00e9dite dans l\u2019histoire du football moderne \u2013, le revers qui se dessinait face aux Spurs n\u2019avait rien de d\u00e9shonorant. \u00ab\u00a0\u00c7a a \u00e9t\u00e9 difficile, c\u2019\u00e9tait notre premier match\u00a0\u00bb, rappelait Ousmane Demb\u00e9l\u00e9 au micro de Canal+ apr\u00e8s la rencontre.<\/p>\n<p class=\"reading-mode-only \"><strong>Il vous reste 66.84% de cet article \u00e0 lire. La suite est r\u00e9serv\u00e9e aux abonn\u00e9s.<\/strong><\/p>\n","protected":false},"excerpt":{"rendered":"Les Parisiens ont remport\u00e9 la Supercoupe d\u2019Europe face \u00e0 Tottenham, \u00e0 Udine, en Italie, le 13\u00a0ao\u00fbt 2025. GUGLIELMO&hellip;\n","protected":false},"author":2,"featured_media":317344,"comment_status":"","ping_status":"","sticky":false,"template":"","format":"standard","meta":{"footnotes":""},"categories":[1888],"tags":[1111,1928,11,1927,1777,674,1011,27,12,1926,626,1925,25],"class_list":{"0":"post-317343","1":"post","2":"type-post","3":"status-publish","4":"format-standard","5":"has-post-thumbnail","7":"category-paris","8":"tag-actu","9":"tag-actu-paris","10":"tag-actualites","11":"tag-actualites-paris","12":"tag-eu","13":"tag-europe","14":"tag-fr","15":"tag-france","16":"tag-news","17":"tag-news-paris","18":"tag-paris","19":"tag-paris-news","20":"tag-republique-francaise"},"share_on_mastodon":{"url":"https:\/\/pubeurope.com\/@fr\/115024040334118535","error":""},"_links":{"self":[{"href":"https:\/\/www.europesays.com\/fr\/wp-json\/wp\/v2\/posts\/317343","targetHints":{"allow":["GET"]}}],"collection":[{"href":"https:\/\/www.europesays.com\/fr\/wp-json\/wp\/v2\/posts"}],"about":[{"href":"https:\/\/www.europesays.com\/fr\/wp-json\/wp\/v2\/types\/post"}],"author":[{"embeddable":true,"href":"https:\/\/www.europesays.com\/fr\/wp-json\/wp\/v2\/users\/2"}],"replies":[{"embeddable":true,"href":"https:\/\/www.europesays.com\/fr\/wp-json\/wp\/v2\/comments?post=317343"}],"version-history":[{"count":0,"href":"https:\/\/www.europesays.com\/fr\/wp-json\/wp\/v2\/posts\/317343\/revisions"}],"wp:featuredmedia":[{"embeddable":true,"href":"https:\/\/www.europesays.com\/fr\/wp-json\/wp\/v2\/media\/317344"}],"wp:attachment":[{"href":"https:\/\/www.europesays.com\/fr\/wp-json\/wp\/v2\/media?parent=317343"}],"wp:term":[{"taxonomy":"category","embeddable":true,"href":"https:\/\/www.europesays.com\/fr\/wp-json\/wp\/v2\/categories?post=317343"},{"taxonomy":"post_tag","embeddable":true,"href":"https:\/\/www.europesays.com\/fr\/wp-json\/wp\/v2\/tags?post=317343"}],"curies":[{"name":"wp","href":"https:\/\/api.w.org\/{rel}","templated":true}]}}