{"id":317353,"date":"2025-08-13T23:29:14","date_gmt":"2025-08-13T23:29:14","guid":{"rendered":"https:\/\/www.europesays.com\/fr\/317353\/"},"modified":"2025-08-13T23:29:14","modified_gmt":"2025-08-13T23:29:14","slug":"donald-trump-veut-rapidement-organiser-une-rencontre-avec-vladimir-poutine-et-volodymyr-zelensky","status":"publish","type":"post","link":"https:\/\/www.europesays.com\/fr\/317353\/","title":{"rendered":"Donald Trump veut rapidement organiser une rencontre avec Vladimir Poutine et Volodymyr Zelensky"},"content":{"rendered":"<p class=\"article-p mdl\">Donald Trump continue de s&rsquo;inscrire dans le processus de paix entre la Russie et l&rsquo;Ukraine. Ce mercredi 13 ao\u00fbt, au sortir de sa r\u00e9union avec Volodymyr Zelensky, les\u00a0principaux dirigeants europ\u00e9ens, ceux de l&rsquo;UE et de l&rsquo;Otan, le pr\u00e9sident \u00e9tats-unien a assur\u00e9 vouloir <strong>organiser une rencontre avec le pr\u00e9sident ukrainien et son homologue russe, Vladimir Poutine<\/strong>.\u00a0<\/p>\n<p class=\"article-p mdl\"><strong>\u00ab\u00a0Presque imm\u00e9diatement\u00a0\u00bb apr\u00e8s le sommet<\/strong> en Alaska avec le chef du Kremlin, a-t-il ajout\u00e9.\u00a0\u00ab\u00a0Nous aurons rapidement une seconde rencontre entre le pr\u00e9sident Poutine, le pr\u00e9sident Zelensky et moi-m\u00eame, s&rsquo;ils veulent que je sois l\u00e0\u00a0\u00bb, a-t-il insist\u00e9.<\/p>\n<p class=\"article-p mdl\">Cependant, Donald Trump a indiqu\u00e9 qu&rsquo;il\u00a0pourrait renoncer \u00e0 organiser cette rencontre, en fonction de la teneur de son t\u00eate-\u00e0-t\u00eate avec Vladimir Poutine de ce vendredi.\u00a0\u00ab\u00a0Si je sens que ce n&rsquo;est <strong>pas appropri\u00e9 de l&rsquo;organiser<\/strong>, car nous n&rsquo;avons pas obtenu les r\u00e9ponses que nous devons obtenir, <strong>alors il n&rsquo;y aura pas de seconde rencontre<\/strong>\u00ab\u00a0, a-t-il affirm\u00e9. Il a malgr\u00e9 tout menac\u00e9 la Russie de <strong>\u00ab\u00a0cons\u00e9quences tr\u00e8s graves\u00a0\u00bb<\/strong> si elle n&rsquo;acceptait pas de mettre fin \u00e0 la guerre, sans pour autant rentrer dans les d\u00e9tails.<\/p>\n<p class=\"article-p mdl\">De son c\u00f4t\u00e9, Volodymyr Zelensky a dit esp\u00e9rer \u00ab\u00a0que le th\u00e8me central de la r\u00e9union\u00a0\u00bb entre\u00a0Donald Trump et Vladimir Poutine en Alaska soit\u00a0<a class=\"link\" href=\"https:\/\/www.rtl.fr\/actu\/international\/guerre-en-ukraine-emmanuel-macron-assure-que-la-volonte-de-donald-trump-est-d-obtenir-un-cessez-le-feu-lors-sa-reunion-en-alaska-7900530601\" target=\"_blank\" rel=\"noopener\"><strong>\u00ab\u00a0un cessez-le-feu imm\u00e9diat\u00a0\u00bb<\/strong><\/a>.\u00a0Il s&rsquo;exprimait depuis Berlin,\u00a0o\u00f9 il a \u00e9t\u00e9 re\u00e7u par le chancelier allemand, Friedrich Merz.\u00a0<strong>\u00ab\u00a0<a class=\"link\" href=\"https:\/\/www.rtl.fr\/actu\/international\/russie-comment-poutine-dejoue-les-sanctions-americaines-avec-un-nouveau-type-de-crypto-7900525884\" target=\"_blank\" rel=\"noopener\">Des sanctions<\/a><\/strong><strong>\u00a0doivent \u00eatre mises en place<\/strong> et renforc\u00e9es si la Russie\u00a0\u00bb refuse une tr\u00eave, a-t-il ajout\u00e9.<\/p>\n<p class=\"article-p mdl\">Le Premier ministre britannique, Keir Starmer, a, lui, \u00e9voqu\u00e9 une <strong>chance \u00ab\u00a0r\u00e9elle\u00a0\u00bb de cessez-le-feu<\/strong>, et ce \u00ab\u00a0gr\u00e2ce au travail du pr\u00e9sident\u00a0\u00bb am\u00e9ricain.<\/p>\n<p>            Des \u00e9changes de territoires in\u00e9vitables ?<\/p>\n<p class=\"article-p mdl\">Les Europ\u00e9ens redoutent que l&rsquo;issue du sommet ne soit d\u00e9favorable \u00e0 l&rsquo;Ukraine, apr\u00e8s trois ans et demi de conflit. <strong>Kiev<\/strong><strong>\u00a0\u00ab\u00a0doit \u00eatre \u00e0 la table\u00a0\u00bb<\/strong> au cours des prochaines r\u00e9unions, a r\u00e9clam\u00e9 Friedrich Merz, rappelant la position des Europ\u00e9ens selon laquelle la \u00ab\u00a0ligne de contact\u00a0\u00bb (ligne de front)\u00a0devait \u00ab\u00a0\u00eatre le point de d\u00e9part\u00a0\u00bb d&rsquo;\u00e9ventuelles n\u00e9gociations territoriales.<\/p>\n<p class=\"article-p mdl\">La Russie r\u00e9clame que l&rsquo;Ukraine\u00a0lui c\u00e8de quatre r\u00e9gions partiellement occup\u00e9es <strong>(Donetsk, Lougansk, Zaporijjia et Kherson)<\/strong>, en plus de la Crim\u00e9e annex\u00e9e en 2014, et qu&rsquo;elle renonce aux livraisons d&rsquo;armes occidentales et \u00e0 toute adh\u00e9sion \u00e0 l&rsquo;Otan.<\/p>\n<p class=\"article-p mdl\"><strong>Donald Trump avait annonc\u00e9 \u00ab\u00a0des \u00e9changes de territoires\u00a0\u00bb<\/strong>, \u00e0 un moment o\u00f9 les soldats russes occupent environ 20 % de l&rsquo;Ukraine.\u00a0Mais il est aussi rest\u00e9 vague sur ses attentes vis-\u00e0-vis de Vladimir Poutine, disant vouloir \u00ab\u00a0t\u00e2ter le terrain\u00a0\u00bb vendredi.<\/p>\n<p class=\"article-p mdl\">Volodymyr Zelensky a lui <strong>exclu tout retrait de zones de l&rsquo;est de l&rsquo;Ukraine<\/strong>\u00a0dans le cadre d&rsquo;un accord de paix.\u00a0Pour Friedrich Merz, Kiev\u00a0\u00ab\u00a0est pr\u00eate \u00e0 discuter de questions territoriales\u00a0\u00bb mais<strong> pas d'\u00a0\u00bbune reconnaissance l\u00e9gale\u00a0\u00bb de l&rsquo;occupation<\/strong> par la Russie de certaines parties de son territoire.<\/p>\n<p class=\"article-p mdl\">\u00ab\u00a0Les <strong>questions territoriales [&#8230;] ne seront n\u00e9goci\u00e9es que par le pr\u00e9sident ukrainien<\/strong>\u00ab\u00a0, a de son c\u00f4t\u00e9 martel\u00e9 Emmanuel Macron, pour qui \u00ab\u00a0il n&rsquo;y a pas aujourd&rsquo;hui, de mani\u00e8re s\u00e9rieuse, des sch\u00e9mas d&rsquo;\u00e9changes territoriaux qui sont sur la table\u00a0\u00bb.<\/p>\n<p class=\"article-p mdl\">Selon le chef de l&rsquo;Otan, Mark Rutte, <strong>\u00ab\u00a0la balle est d\u00e9sormais dans le camp de Poutine\u00a0\u00bb<\/strong>.<\/p>\n<p>            Une perc\u00e9e russe in\u00e9dite<\/p>\n<p class=\"article-p mdl\">Si les appels au cessez-le-feu se sont multipli\u00e9s ces derni\u00e8res heures, c&rsquo;est que\u00a0<a class=\"link\" href=\"https:\/\/www.rtl.fr\/actu\/international\/les-infos-de-18h-guerre-en-ukraine-pourquoi-la-percee-russe-sur-le-front-inquiete-kiev-7900530309\" target=\"_blank\" rel=\"noopener\">la Russie continue sa perc\u00e9e sur le front<\/a>. En Ukraine, <strong>Moscou a m\u00eame r\u00e9alis\u00e9 sa plus grande progression en 24 heures depuis plus d&rsquo;un an<\/strong>, selon l&rsquo;analyse, par l&rsquo;AFP, des donn\u00e9es fournies par l&rsquo;Institut am\u00e9ricain pour l&rsquo;\u00e9tude de la guerre (ISW).\u00a0<\/p>\n<p>Les troupes russes, dont l&rsquo;avanc\u00e9e s&rsquo;acc\u00e9l\u00e8re, ont dit avoir <strong>conquis plus de 110 km2 suppl\u00e9mentaires<\/strong> au 12 ao\u00fbt par rapport \u00e0 la veille, ce qui n&rsquo;\u00e9tait plus arriv\u00e9 depuis fin mai 2024.<\/p>\n<p>Signe de la d\u00e9gradation de la situation, l&rsquo;Ukraine\u00a0a ordonn\u00e9, mercredi, <strong>l&rsquo;\u00e9vacuation de familles dans une dizaine de localit\u00e9s dans l&rsquo;est<\/strong>, o\u00f9 les soldats russes ont rapidement gagn\u00e9 du terrain ces derniers jours.\u00a0Au moins trois personnes ont \u00e9t\u00e9 tu\u00e9es dans des tirs d&rsquo;artillerie et des raids de drones russes dans la r\u00e9gion de Kherson (sud) t\u00f4t mercredi, d&rsquo;apr\u00e8s les autorit\u00e9s r\u00e9gionales.<\/p>\n<p>    La r\u00e9daction vous recommande<\/p>\n<p class=\"s-newsletter__title\">\n                L\u2019actualit\u00e9 par la r\u00e9daction de RTL dans votre bo\u00eete mail.\n            <\/p>\n<p class=\"s-newsletter__subtitle\">\n                Gr\u00e2ce \u00e0 votre compte RTL abonnez-vous \u00e0 la newsletter RTL info pour suivre toute l&rsquo;actualit\u00e9 au quotidien\n            <\/p>\n<p>\n                                    Lire la suite\n                                <\/p>\n","protected":false},"excerpt":{"rendered":"Donald Trump continue de s&rsquo;inscrire dans le processus de paix entre la Russie et l&rsquo;Ukraine. Ce mercredi 13&hellip;\n","protected":false},"author":2,"featured_media":317354,"comment_status":"","ping_status":"","sticky":false,"template":"","format":"standard","meta":{"footnotes":""},"categories":[1590],"tags":[11,75,73,1777,674,107,1146,131,14,12,132,220,135,134],"class_list":{"0":"post-317353","1":"post","2":"type-post","3":"status-publish","4":"format-standard","5":"has-post-thumbnail","7":"category-ukraine","8":"tag-actualites","9":"tag-donald-trump","10":"tag-etats-unis","11":"tag-eu","12":"tag-europe","13":"tag-fil-info","14":"tag-guerre","15":"tag-guerre-en-ukraine","16":"tag-international","17":"tag-news","18":"tag-russie","19":"tag-ukraine","20":"tag-vladimir-poutine","21":"tag-volodymyr-zelensky"},"share_on_mastodon":{"url":"https:\/\/pubeurope.com\/@fr\/115024059745007278","error":""},"_links":{"self":[{"href":"https:\/\/www.europesays.com\/fr\/wp-json\/wp\/v2\/posts\/317353","targetHints":{"allow":["GET"]}}],"collection":[{"href":"https:\/\/www.europesays.com\/fr\/wp-json\/wp\/v2\/posts"}],"about":[{"href":"https:\/\/www.europesays.com\/fr\/wp-json\/wp\/v2\/types\/post"}],"author":[{"embeddable":true,"href":"https:\/\/www.europesays.com\/fr\/wp-json\/wp\/v2\/users\/2"}],"replies":[{"embeddable":true,"href":"https:\/\/www.europesays.com\/fr\/wp-json\/wp\/v2\/comments?post=317353"}],"version-history":[{"count":0,"href":"https:\/\/www.europesays.com\/fr\/wp-json\/wp\/v2\/posts\/317353\/revisions"}],"wp:featuredmedia":[{"embeddable":true,"href":"https:\/\/www.europesays.com\/fr\/wp-json\/wp\/v2\/media\/317354"}],"wp:attachment":[{"href":"https:\/\/www.europesays.com\/fr\/wp-json\/wp\/v2\/media?parent=317353"}],"wp:term":[{"taxonomy":"category","embeddable":true,"href":"https:\/\/www.europesays.com\/fr\/wp-json\/wp\/v2\/categories?post=317353"},{"taxonomy":"post_tag","embeddable":true,"href":"https:\/\/www.europesays.com\/fr\/wp-json\/wp\/v2\/tags?post=317353"}],"curies":[{"name":"wp","href":"https:\/\/api.w.org\/{rel}","templated":true}]}}