{"id":317357,"date":"2025-08-13T23:31:12","date_gmt":"2025-08-13T23:31:12","guid":{"rendered":"https:\/\/www.europesays.com\/fr\/317357\/"},"modified":"2025-08-13T23:31:12","modified_gmt":"2025-08-13T23:31:12","slug":"royaume-uni-pres-de-150-personnes-ont-denonce-des-crimes-commis-par-mohamed-al-fayed","status":"publish","type":"post","link":"https:\/\/www.europesays.com\/fr\/317357\/","title":{"rendered":"Royaume-Uni | Pr\u00e8s de 150 personnes ont d\u00e9nonc\u00e9 des crimes commis par Mohamed Al-Fayed"},"content":{"rendered":"<p class=\"lead textModule textModule--type-lead \" style=\"\">(Londres) Pr\u00e8s de 150 personnes ont contact\u00e9 la police britannique pour d\u00e9noncer des crimes commis par Mohamed Al-Fayed, l\u2019ancien propri\u00e9taire du grand magasin Harrods, depuis que les autorit\u00e9s ont ouvert une nouvelle enqu\u00eate l\u2019ann\u00e9e derni\u00e8re, a confirm\u00e9 mercredi la police m\u00e9tropolitaine.<\/p>\n<p>                    Publi\u00e9 \u00e0 16\u00a0h\u00a007<\/p>\n<p>    <a class=\"print\" href=\"https:\/\/www.lapresse.ca\/international\/2025-08-13\/royaume-uni\/javascript:window.print();\" title=\"Imprimer la page\" rel=\"nofollow noopener\" target=\"_blank\"><\/p>\n<p>        <img loading=\"lazy\" decoding=\"async\" width=\"16\" height=\"18\" src=\"https:\/\/www.europesays.com\/fr\/wp-content\/uploads\/2025\/04\/share-icon.png\" alt=\"Partager\"\/><\/p>\n<p class=\"paragraph textModule textModule--type-paragraph \" style=\"\">\u00ab\u00a0L\u2019enqu\u00eate en cours sur les personnes qui auraient pu faciliter ou permettre les agissements criminels de Mohamed Al-Fayed se poursuit\u00a0\u00bb, a d\u00e9clar\u00e9 la police londonienne dans un communiqu\u00e9 transmis \u00e0 l\u2019AFP.<\/p>\n<p class=\"paragraph textModule textModule--type-paragraph \" style=\"\">Une enqu\u00eate diffus\u00e9e par la BBC en septembre d\u00e9taillait les all\u00e9gations selon lesquelles l\u2019homme d\u2019affaires \u00e9gyptien, d\u00e9c\u00e9d\u00e9 en 2023 \u00e0 l\u2019\u00e2ge de 94 ans, aurait viol\u00e9 et agress\u00e9 sexuellement plusieurs jeunes femmes employ\u00e9es dans le grand magasin londonien Harrods.<\/p>\n<p class=\"paragraph textModule textModule--type-paragraph \" style=\"\">Scotland Yard examine actuellement la mani\u00e8re dont ont \u00e9t\u00e9 men\u00e9es les enqu\u00eates pr\u00e9c\u00e9dentes afin d\u2019identifier les \u00ab\u00a0occasions manqu\u00e9es\u00a0\u00bb et a ouvert une nouvelle enqu\u00eate sur les all\u00e9gations d\u2019agressions sexuelles, y compris sur les personnes ayant permis ou facilit\u00e9 ces actes.<\/p>\n<p class=\"paragraph textModule textModule--type-paragraph \" style=\"\">\u00ab\u00a0Nous exhortons toute personne disposant d\u2019informations, qu\u2019elle ait \u00e9t\u00e9 directement touch\u00e9e par les actes de Mohamed Al Fayed ou qu\u2019elle connaisse d\u2019autres personnes qui auraient pu \u00eatre impliqu\u00e9es ou avoir commis des infractions, \u00e0 se manifester\u00a0\u00bb, a ajout\u00e9 la police.<\/p>\n<p class=\"paragraph textModule textModule--type-paragraph \" style=\"\">En novembre, la police m\u00e9tropolitaine a d\u00e9clar\u00e9 avoir \u00e9t\u00e9 contact\u00e9e et avoir identifi\u00e9 90 victimes potentielles d\u2019agressions sexuelles et d\u2019autres crimes commis par le d\u00e9funt milliardaire.<\/p>\n<p class=\"paragraph textModule textModule--type-paragraph \" style=\"\">Harrods, qui a appartenu \u00e0 Mohamed Al-Fayed de 1985 \u00e0 2010, a annonc\u00e9 en mars un programme d\u2019indemnisation pour les femmes qui travaillaient dans le magasin ou qui y \u00e9taient li\u00e9es et affirment avoir \u00e9t\u00e9 victimes d\u2019abus de la part de l\u2019ancien patron.<\/p>\n<p class=\"paragraph textModule textModule--type-paragraph \" style=\"\">Plus de 100\u00a0victimes pr\u00e9sum\u00e9es ont demand\u00e9 \u00e0 b\u00e9n\u00e9ficier du programme d\u2019indemnisation en juillet, selon le magasin de luxe.<\/p>\n","protected":false},"excerpt":{"rendered":"(Londres) Pr\u00e8s de 150 personnes ont contact\u00e9 la police britannique pour d\u00e9noncer des crimes commis par Mohamed Al-Fayed,&hellip;\n","protected":false},"author":2,"featured_media":317358,"comment_status":"","ping_status":"","sticky":false,"template":"","format":"standard","meta":{"footnotes":""},"categories":[1588],"tags":[11,1777,674,12,473,1853,1851,1850,1852],"class_list":{"0":"post-317357","1":"post","2":"type-post","3":"status-publish","4":"format-standard","5":"has-post-thumbnail","7":"category-royaume-uni","8":"tag-actualites","9":"tag-eu","10":"tag-europe","11":"tag-news","12":"tag-royaume-uni","13":"tag-royaume-uni-de-grande-bretagne-et-dirlande-du-nord","14":"tag-uk","15":"tag-united-kingdom","16":"tag-united-kingdom-of-great-britain-and-northern-ireland"},"share_on_mastodon":{"url":"https:\/\/pubeurope.com\/@fr\/115024067700878712","error":""},"_links":{"self":[{"href":"https:\/\/www.europesays.com\/fr\/wp-json\/wp\/v2\/posts\/317357","targetHints":{"allow":["GET"]}}],"collection":[{"href":"https:\/\/www.europesays.com\/fr\/wp-json\/wp\/v2\/posts"}],"about":[{"href":"https:\/\/www.europesays.com\/fr\/wp-json\/wp\/v2\/types\/post"}],"author":[{"embeddable":true,"href":"https:\/\/www.europesays.com\/fr\/wp-json\/wp\/v2\/users\/2"}],"replies":[{"embeddable":true,"href":"https:\/\/www.europesays.com\/fr\/wp-json\/wp\/v2\/comments?post=317357"}],"version-history":[{"count":0,"href":"https:\/\/www.europesays.com\/fr\/wp-json\/wp\/v2\/posts\/317357\/revisions"}],"wp:featuredmedia":[{"embeddable":true,"href":"https:\/\/www.europesays.com\/fr\/wp-json\/wp\/v2\/media\/317358"}],"wp:attachment":[{"href":"https:\/\/www.europesays.com\/fr\/wp-json\/wp\/v2\/media?parent=317357"}],"wp:term":[{"taxonomy":"category","embeddable":true,"href":"https:\/\/www.europesays.com\/fr\/wp-json\/wp\/v2\/categories?post=317357"},{"taxonomy":"post_tag","embeddable":true,"href":"https:\/\/www.europesays.com\/fr\/wp-json\/wp\/v2\/tags?post=317357"}],"curies":[{"name":"wp","href":"https:\/\/api.w.org\/{rel}","templated":true}]}}