{"id":317363,"date":"2025-08-13T23:34:11","date_gmt":"2025-08-13T23:34:11","guid":{"rendered":"https:\/\/www.europesays.com\/fr\/317363\/"},"modified":"2025-08-13T23:34:11","modified_gmt":"2025-08-13T23:34:11","slug":"lespagne-demande-laide-de-lue-pour-combattre-les-incendies-qui-provoquent-levacuation-de-milliers-de-personnes","status":"publish","type":"post","link":"https:\/\/www.europesays.com\/fr\/317363\/","title":{"rendered":"L&rsquo;Espagne demande l&rsquo;aide de l&rsquo;UE pour combattre les incendies qui provoquent l&rsquo;\u00e9vacuation de milliers de personnes"},"content":{"rendered":"<p>Pour faire face aux incendies qui touchent notamment la Castille-et-L\u00e9on, l&rsquo;Espagne a demand\u00e9 ce mercredi l&rsquo;aide de l&rsquo;Union europ\u00e9enne.<\/p>\n<p>L&rsquo;Espagne a fait appel ce mercredi 13 ao\u00fbt au m\u00e9canisme d&rsquo;aide au sein de l&rsquo;Union europ\u00e9enne pour lutter contre les nombreux incendies qui ravagent le pays, et a demand\u00e9 \u00ab\u00a0deux avions Canadair\u00a0\u00bb, a annonc\u00e9 le ministre de l&rsquo;Int\u00e9rieur, Fernando Grande-Marlaska.<\/p>\n<p>\u00ab\u00a0Nous avons formalis\u00e9 ce soir\u00a0\u00bb (mercredi) la demande \u00e0 l&rsquo;UE \u00ab\u00a0et nous avons demand\u00e9 un module avec deux avions Canadair\u00a0\u00bb sp\u00e9cialis\u00e9s dans la lutte contre les incendies, a d\u00e9clar\u00e9 le ministre \u00e0 la radio <a href=\"https:\/\/cadenaser.com\/\" target=\"_blank\" class=\"external_link\" rel=\"nofollow noopener\">Cadena Ser.<\/a><\/p>\n<p>Plusieurs milliers de personnes \u00e9vacu\u00e9es<\/p>\n<p>Sept personnes ont \u00e9t\u00e9 hospitalis\u00e9es mercredi, dont quatre dans un \u00e9tat critique, en Castille-et-L\u00e9on (nord-ouest), l&rsquo;une des r\u00e9gions d&rsquo;Espagne les plus touch\u00e9es par les incendies qui font rage depuis plusieurs jours dans le pays et ont <a href=\"https:\/\/www.bfmtv.com\/international\/europe\/espagne\/un-homme-meurt-dans-un-feu-de-foret-au-nord-de-madrid-en-espagne_AD-202508120218.html\" title=\"Un homme meurt dans un feu de for\u00eat au nord de Madrid en Espagne\" class=\"internal_link\" rel=\"nofollow noopener\" target=\"_blank\">d\u00e9j\u00e0 fait deux morts.<\/a><\/p>\n<p>L&rsquo;autre r\u00e9gion o\u00f9 la situation est la plus pr\u00e9occupante est la Galice (pointe nord-ouest), o\u00f9 quelque 11.500 hectares ont d\u00e9j\u00e0 \u00e9t\u00e9 d\u00e9truits par les flammes, notamment dans la province d&rsquo;Ourense, o\u00f9 les pompiers ne parviennent pas \u00e0 mater un grand incendie \u00e0 Chandrexa de Queixa.<\/p>\n<p><a href=\"https:\/\/www.bfmtv.com\/environnement\/climat\/video-incendies-le-nord-du-portugal-egalement-touche_VN-202508130354.html\" title=\"Incendies: le nord du Portugal \u00e9galement touch\u00e9\" class=\"internal_link\" rel=\"nofollow noopener\" target=\"_blank\">Au Portugal voisin<\/a>, 2.200 pompiers appuy\u00e9s par une vingtaine de moyens a\u00e9riens se battaient mercredi contre cinq incendies dans le nord et le centre.<\/p>\n<p>Parmi les sept personnes dont l&rsquo;hospitalisation a \u00e9t\u00e9 annonc\u00e9e mercredi par le gouvernement r\u00e9gional de Castille-et-L\u00e9on, se trouve notamment un homme de 37 ans br\u00fbl\u00e9 sur 85% du corps.<\/p>\n<p>Les trois autres personnes dont l&rsquo;\u00e9tat est \u00e9galement consid\u00e9r\u00e9 comme critique sont une femme de 56 ans, br\u00fbl\u00e9e sur la moiti\u00e9 du corps, et deux hommes de 64 et 36 ans.<\/p>\n<p>C&rsquo;est dans cette m\u00eame r\u00e9gion d&rsquo;Espagne <a href=\"https:\/\/www.bfmtv.com\/international\/europe\/espagne\/espagne-un-volontaire-meurt-en-luttant-contre-un-incendie-dans-le-nord-ouest-le-deuxieme-deces-en-48-heures_AD-202508120521.html\" title=\"Espagne: un volontaire meurt en luttant contre un incendie dans le nord-ouest, le deuxi\u00e8me d\u00e9c\u00e8s en 48 heures\" class=\"internal_link\" rel=\"nofollow noopener\" target=\"_blank\">qu&rsquo;un volontaire de 35 ans a trouv\u00e9 la mort mardi en luttant contre le feu<\/a>. Dans cette r\u00e9gion, plus de 8.000 personnes ont \u00e9t\u00e9 \u00e9vacu\u00e9es par pr\u00e9caution en raison de deux incendies dans les provinces de L\u00e9on et Zamora, selon les autorit\u00e9s.<\/p>\n<p>Le nord-ouest du pays concentre la majorit\u00e9 de la quinzaine de gros incendies qui pr\u00e9occupent les pompiers et les autorit\u00e9s.<\/p>\n<p>Selon le pr\u00e9sident de la Galice, Alfonso Rueda, trente foyers d&rsquo;incendie sont \u00e9teints quotidiennement dans la r\u00e9gion. La circulation des trains \u00e0 grande vitesse a \u00e9t\u00e9 interrompue entre Madrid et la Galice \u00ab\u00a0en raison d&rsquo;un incendie proche de l&rsquo;infrastructure\u00a0\u00bb, a annonc\u00e9 le gestionnaire du r\u00e9seau ferroviaire espagnol (Adif).<\/p>\n<p><img decoding=\"async\" src=\"https:\/\/www.europesays.com\/fr\/wp-content\/uploads\/2025\/04\/principale-24_1.png\"  alt=\"Les feux de for\u00eat menacent-ils toutes les r\u00e9gions ? \" title=\"Les feux de for\u00eat menacent-ils toutes les r\u00e9gions ? \"\/>Les feux de for\u00eat menacent-ils toutes les r\u00e9gions ?<\/p>\n<p>Outre la vague de canicule, qui pourrait durer jusqu&rsquo;\u00e0 lundi, les inqui\u00e9tudes sont accentu\u00e9es mercredi par de fortes rafales de vent. Le Portugal a connu mercredi une journ\u00e9e difficile. Les pompiers luttent contre des incendies s\u00e9vissant depuis plusieurs jours et mobilisant un nombre important de moyens a\u00e9riens et terrestres.<\/p>\n<p>En fin d&rsquo;apr\u00e8s-midi, plus de 2.200 pompiers restaient mobilis\u00e9s, appuy\u00e9s par une vingtaine de moyens a\u00e9riens, pour combattre des foyers dans le nord et le centre du pays.<\/p>\n<p>Le Portugal a prolong\u00e9 jusqu&rsquo;\u00e0 vendredi les mesures pr\u00e9ventives contre les feux de for\u00eat, en raison du risque accru li\u00e9 \u00e0 des temp\u00e9ratures \u00e9lev\u00e9es. \u00ab\u00a0Vendredi sera une journ\u00e9e particuli\u00e8rement pr\u00e9occupante\u00a0\u00bb en raison du contexte m\u00e9t\u00e9orologique, a pr\u00e9venu mercredi soir le pr\u00e9sident portugais Marcelo Rebelo de Sousa \u00e0 l&rsquo;issue d&rsquo;une rencontre avec le Premier ministre Luis Montenegro.<\/p>\n","protected":false},"excerpt":{"rendered":"Pour faire face aux incendies qui touchent notamment la Castille-et-L\u00e9on, l&rsquo;Espagne a demand\u00e9 ce mercredi l&rsquo;aide de l&rsquo;Union&hellip;\n","protected":false},"author":2,"featured_media":317364,"comment_status":"","ping_status":"","sticky":false,"template":"","format":"standard","meta":{"footnotes":""},"categories":[1586],"tags":[11,1777,674,1779,1011,27,12,25,1778,364],"class_list":{"0":"post-317363","1":"post","2":"type-post","3":"status-publish","4":"format-standard","5":"has-post-thumbnail","7":"category-europe","8":"tag-actualites","9":"tag-eu","10":"tag-europe","11":"tag-european-union","12":"tag-fr","13":"tag-france","14":"tag-news","15":"tag-republique-francaise","16":"tag-ue","17":"tag-union-europeenne"},"share_on_mastodon":{"url":"https:\/\/pubeurope.com\/@fr\/115024079627870668","error":""},"_links":{"self":[{"href":"https:\/\/www.europesays.com\/fr\/wp-json\/wp\/v2\/posts\/317363","targetHints":{"allow":["GET"]}}],"collection":[{"href":"https:\/\/www.europesays.com\/fr\/wp-json\/wp\/v2\/posts"}],"about":[{"href":"https:\/\/www.europesays.com\/fr\/wp-json\/wp\/v2\/types\/post"}],"author":[{"embeddable":true,"href":"https:\/\/www.europesays.com\/fr\/wp-json\/wp\/v2\/users\/2"}],"replies":[{"embeddable":true,"href":"https:\/\/www.europesays.com\/fr\/wp-json\/wp\/v2\/comments?post=317363"}],"version-history":[{"count":0,"href":"https:\/\/www.europesays.com\/fr\/wp-json\/wp\/v2\/posts\/317363\/revisions"}],"wp:featuredmedia":[{"embeddable":true,"href":"https:\/\/www.europesays.com\/fr\/wp-json\/wp\/v2\/media\/317364"}],"wp:attachment":[{"href":"https:\/\/www.europesays.com\/fr\/wp-json\/wp\/v2\/media?parent=317363"}],"wp:term":[{"taxonomy":"category","embeddable":true,"href":"https:\/\/www.europesays.com\/fr\/wp-json\/wp\/v2\/categories?post=317363"},{"taxonomy":"post_tag","embeddable":true,"href":"https:\/\/www.europesays.com\/fr\/wp-json\/wp\/v2\/tags?post=317363"}],"curies":[{"name":"wp","href":"https:\/\/api.w.org\/{rel}","templated":true}]}}