{"id":317371,"date":"2025-08-13T23:38:12","date_gmt":"2025-08-13T23:38:12","guid":{"rendered":"https:\/\/www.europesays.com\/fr\/317371\/"},"modified":"2025-08-13T23:38:12","modified_gmt":"2025-08-13T23:38:12","slug":"girls-boys-amateur-championship-les-filles-montrent-lexemple","status":"publish","type":"post","link":"https:\/\/www.europesays.com\/fr\/317371\/","title":{"rendered":"Girls\u2019 &#038; Boys Amateur Championship : Les filles montrent l&rsquo;exemple"},"content":{"rendered":"<p>Ce mercredi, il fallait se tourner vers <strong>Conwy<\/strong> pour trouver son bonheur dans les r\u00e9sultats fran\u00e7ais. En ouverture de la phase de match play du <strong>Girls\u2019 Amateur Championship<\/strong>, les trente-deux duels mettant aux fers quelques une des meilleures U18 de la plan\u00e8te ont permis \u00e0 cinq Fran\u00e7aises de valider leur ticket pour les 16e de finale. Derri\u00e8re la victoire tricolore la plus large du jour pour <strong>Melliyal Schmitt<\/strong> (4&amp;3 contre Laura Schedel), <strong>Charlotte<\/strong> <strong>Bouquet<\/strong> a presque imit\u00e9 sa compatriote en s\u2019imposant 4&amp;2 contre Lila Bisset. Derri\u00e8re elles, <strong>Giselle<\/strong> <strong>Zhao<\/strong> et <strong>Salom\u00e9<\/strong> <strong>Lumbaca<\/strong> ont d\u00fb aller jusqu\u2019au green du 18 pour se d\u00e9faire de leur adversaire respective mais c\u2019est finalement <strong>Lily<\/strong> <strong>Reitter<\/strong> qui a le plus bataill\u00e9 puisque son succ\u00e8s est arriv\u00e9 au premier trou de mort subite (19e trou) face \u00e0 l\u2019Italienne Natalia Aparicio.<\/p>\n<p>Malheureusement, ces cinq heureuses vainqueurs du jour ne seront pas accompagn\u00e9es de leur deux derni\u00e8res compatriotes, <strong>Manon<\/strong> <strong>Petitcolas<\/strong> et <strong>C\u00e9leste<\/strong> <strong>Daroy<\/strong>. La premi\u00e8re s\u2019est faite dominer par l\u2019Irlandaise Hannah Lee-McNamara pour finalement perdre 6&amp;4 quand la championne de France Benjamines de 2023 est pass\u00e9e proche de l\u2019exploit face \u00e0 la n\u00b0 2 de la qualification, Sophia Dyer (d\u00e9faite 1 down).<\/p>\n","protected":false},"excerpt":{"rendered":"Ce mercredi, il fallait se tourner vers Conwy pour trouver son bonheur dans les r\u00e9sultats fran\u00e7ais. En ouverture&hellip;\n","protected":false},"author":2,"featured_media":317372,"comment_status":"","ping_status":"","sticky":false,"template":"","format":"standard","meta":{"footnotes":""},"categories":[1418],"tags":[1011,27,1472,60],"class_list":{"0":"post-317371","1":"post","2":"type-post","3":"status-publish","4":"format-standard","5":"has-post-thumbnail","7":"category-golf","8":"tag-fr","9":"tag-france","10":"tag-golf","11":"tag-sports"},"share_on_mastodon":{"url":"https:\/\/pubeurope.com\/@fr\/115024095031973794","error":""},"_links":{"self":[{"href":"https:\/\/www.europesays.com\/fr\/wp-json\/wp\/v2\/posts\/317371","targetHints":{"allow":["GET"]}}],"collection":[{"href":"https:\/\/www.europesays.com\/fr\/wp-json\/wp\/v2\/posts"}],"about":[{"href":"https:\/\/www.europesays.com\/fr\/wp-json\/wp\/v2\/types\/post"}],"author":[{"embeddable":true,"href":"https:\/\/www.europesays.com\/fr\/wp-json\/wp\/v2\/users\/2"}],"replies":[{"embeddable":true,"href":"https:\/\/www.europesays.com\/fr\/wp-json\/wp\/v2\/comments?post=317371"}],"version-history":[{"count":0,"href":"https:\/\/www.europesays.com\/fr\/wp-json\/wp\/v2\/posts\/317371\/revisions"}],"wp:featuredmedia":[{"embeddable":true,"href":"https:\/\/www.europesays.com\/fr\/wp-json\/wp\/v2\/media\/317372"}],"wp:attachment":[{"href":"https:\/\/www.europesays.com\/fr\/wp-json\/wp\/v2\/media?parent=317371"}],"wp:term":[{"taxonomy":"category","embeddable":true,"href":"https:\/\/www.europesays.com\/fr\/wp-json\/wp\/v2\/categories?post=317371"},{"taxonomy":"post_tag","embeddable":true,"href":"https:\/\/www.europesays.com\/fr\/wp-json\/wp\/v2\/tags?post=317371"}],"curies":[{"name":"wp","href":"https:\/\/api.w.org\/{rel}","templated":true}]}}