{"id":317383,"date":"2025-08-13T23:47:10","date_gmt":"2025-08-13T23:47:10","guid":{"rendered":"https:\/\/www.europesays.com\/fr\/317383\/"},"modified":"2025-08-13T23:47:10","modified_gmt":"2025-08-13T23:47:10","slug":"caroline-margeridon-balance-sur-lhygiene-douteuse-dun-ancien-daffaire-conclue","status":"publish","type":"post","link":"https:\/\/www.europesays.com\/fr\/317383\/","title":{"rendered":"Caroline Margeridon balance sur l\u2019hygi\u00e8ne douteuse d\u2019un ancien d\u2019Affaire conclue"},"content":{"rendered":"<p>Depuis plusieurs ann\u00e9es, <strong>Caroline Margeridon<\/strong><br \/>\napporte sa bonne humeur et son \u00e9nergie \u00e0 Affaire conclue. Les<br \/>\nfid\u00e8les de France 2 l\u2019ont vue \u00e9voluer aux c\u00f4t\u00e9s de Sophie<br \/>\n<strong>Davant,<\/strong> puis de <strong>Julia Vignali<\/strong>,<br \/>\ntout en restant l\u2019une des personnalit\u00e9s phares du programme. En<br \/>\ndehors des plateaux, elle cultive une proximit\u00e9 avec son public<br \/>\ngr\u00e2ce aux images et anecdotes qu\u2019elle partage sur ses r\u00e9seaux<br \/>\nsociaux.<\/p>\n<p>Caroline Margeridon sans d\u00e9tour sur sa vie priv\u00e9e<\/p>\n<p>Depuis longtemps, ses abonn\u00e9s s\u2019interrogent sur l\u2019identit\u00e9 de<br \/>\nl\u2019homme qui partage sa vie. <a href=\"https:\/\/www.melty.fr\/people\/caroline-margeridon-57-ans-devoile-avec-combien-dhommes-elle-a-couche-jai-la-chance-davoir-2174249.html\" target=\"_blank\" rel=\"noopener\"><br \/>\nLa sulfureuse blonde<\/a> s\u2019affiche volontiers avec ses enfants,<br \/>\n<strong>Alexandre et Victoire<\/strong>, mais jamais en couple. En<br \/>\n2023, elle confiait pourtant \u00e0 TV Grandes Cha\u00eenes vivre<br \/>\nune belle histoire avec <strong>Pascal<\/strong>, un homme discret<br \/>\ninstall\u00e9 en Suisse. \u00ab Mon compagnon actuel, je voulais qu\u00a0\u00bbil ne<br \/>\nsoit pas trop connu. Il l&rsquo;est mais chez lui, en Suisse. Je peux me<br \/>\npromener avec lui sans que personne ne sache qui il est. Et \u00e7a<br \/>\nrestera comme \u00e7a \u00bb, disait-elle alors.<\/p>\n<p>Mais la situation a chang\u00e9. Le 12 ao\u00fbt, la quinquag\u00e9naire a<br \/>\ninvit\u00e9 sa communaut\u00e9 Instagram \u00e0 lui poser toutes sortes de<br \/>\nquestions. Les plus curieux n\u2019ont pas manqu\u00e9 de l\u2019interroger sur<br \/>\nson statut amoureux. Face cam\u00e9ra, elle a d\u2019abord reconnu \u00eatre un<br \/>\npeu embarrass\u00e9e : \u00ab C&rsquo;est un truc de fou, c&rsquo;est vraiment<br \/>\ng\u00eanant&#8230; \u00bb avant de trancher dans le vif. \u00ab Allez, on<br \/>\nbalance aujourd&rsquo;hui ! (&#8230;) Je suis c\u00e9libataire. \u00bb Une<br \/>\nd\u00e9claration qui confirme la fin de son histoire avec Pascal.<\/p>\n<p>C\u00e9libataire et \u00ab\u00a0tr\u00e8s bien comme \u00e7a\u00a0\u00bb<\/p>\n<p>Interrog\u00e9e sur ses go\u00fbts en mati\u00e8re de relations, Caroline<br \/>\nMargeridon a avou\u00e9 ne pas avoir de type pr\u00e9cis. \u00ab J&rsquo;en ai<br \/>\nvraiment eu quatre dans ma vie. Quand je les regarde, il n&rsquo;y en a<br \/>\npas deux qui se ressemblent \u00bb, confie-t-elle avec humour. Une<br \/>\nmani\u00e8re de rappeler que <strong>ses choix sentimentaux ne suivent<br \/>\naucune r\u00e8gle \u00e9tablie<\/strong>. Pour autant, la brocanteuse insiste<br \/>\n: \u00ab Non, je ne cherche pas d&rsquo;amoureux. Je suis tr\u00e8s, tr\u00e8s bien<br \/>\ncomme \u00e7a. \u00bb<\/p>\n<p>Si <strong>elle assume pleinement son statut de<br \/>\nc\u00e9libataire<\/strong>, <a href=\"https:\/\/www.melty.fr\/people\/caroline-margeridon-honnete-sur-ce-vice-qui-lui-gache-la-vie-je-sais-que-je-vais-en-mourir-2220882.html\" target=\"_blank\" rel=\"noopener\"><br \/>\ncelle qui se qualifie comme \u00e9tant \u00ab\u00a0une horrible<br \/>\ntoxico\u00a0\u00bb<\/a> tient \u00e0 pr\u00e9venir ses nombreux abonn\u00e9s. \u00ab Mais<br \/>\nce n&rsquo;est pas pour autant qu&rsquo;il faut que vous me demandiez mon 06,<br \/>\npr\u00e9vient-elle. Vous \u00eates 210 000 \u00e0 me suivre, c&rsquo;est vachement<br \/>\nsympa. Je fais entre 6 et 10 millions de vues quand je fais des<br \/>\nvid\u00e9os. Mais en fait, c&rsquo;est vachement virtuel tout \u00e7a. Je vous aime<br \/>\nsinc\u00e8rement, mais je ne peux pas vous aimer pour de vrai. Je ne<br \/>\nvais pas me marier avec vous. \u00bb Des mots francs qui tranchent<br \/>\navec l\u2019image glamour qu\u2019elle affiche sur les r\u00e9seaux.<\/p>\n<p>Caroline Margeridon r\u00e8gle ses comptes<br \/>\navec un ancien collaborateurs<\/p>\n<p>Chez Sam Zirah, il y a quelques mois, Caroline Margeridon n\u2019a<br \/>\npas m\u00e2ch\u00e9 ses mots au sujet de son ancien coll\u00e8gue<br \/>\n<strong>Pierre-Jean Chalen\u00e7on<\/strong>. Elle a d\u00e9nonc\u00e9 ses<br \/>\ncritiques r\u00e9currentes sur l\u2019\u00e9mission et sur ses camarades, estimant<br \/>\nqu\u2019il est \u00ab path\u00e9tique \u00bb de \u00ab mordre la main qui t\u2019a<br \/>\ndonn\u00e9 \u00e0 manger \u00bb. Elle rappelle que les audiences sont au beau<br \/>\nfixe, avec \u00ab 20 % de parts de march\u00e9 \u00bb et la signature de<br \/>\nla saison 8. Elle n\u2019a pas non plus laiss\u00e9 passer les attaques<br \/>\nphysiques, jugeant \u00ab horrible \u00bb qu\u2019un homme s\u2019en prenne \u00e0<br \/>\nl\u2019apparence d\u2019une femme, citant \u00e9galement ses propos sur Julia<br \/>\nVignali. Plus surprenant encore, elle affirme qu\u2019un jour, la<br \/>\nsoci\u00e9t\u00e9 de production a envoy\u00e9 un mail indiquant que certaines<br \/>\npersonnes de l\u2019\u00e9quipe n\u2019\u00e9taient plus maquill\u00e9es ni coiff\u00e9es par le<br \/>\nHMC, faute d\u2019hygi\u00e8ne. \u00c0 la question de savoir si cela visait<br \/>\nPierre-Jean, elle se contente de r\u00e9pondre \u00ab\u00a0On ne voulait plus<br \/>\nle maquiller !\u00a0\u00bb<\/p>\n<p>Ce franc-parler ne date pas d\u2019hier. <strong>La femme d&rsquo;affaires<br \/>\nde 58 ans<\/strong> raconte que lors de son tout premier tournage<br \/>\nd\u2019Affaire conclue, l\u2019accueil avait \u00e9t\u00e9 glacial. Elle<br \/>\n\u00e9voque des remarques agressives et ironiques de <strong>Julien<br \/>\nCohen<\/strong> et Pierre-Jean Chalen\u00e7on, au point qu\u2019elle avait<br \/>\nquitt\u00e9 le plateau en jurant de ne jamais revenir. Contre toute<br \/>\nattente, d\u00e8s le lendemain, le ton avait compl\u00e8tement chang\u00e9 et les<br \/>\ntensions s\u2019\u00e9taient apais\u00e9es. Un d\u00e9but mouvement\u00e9 qui n\u2019a pourtant<br \/>\npas emp\u00each\u00e9 l\u2019acheteuse de s\u2019imposer comme l\u2019une des figures<br \/>\nembl\u00e9matiques du programme.<\/p>\n","protected":false},"excerpt":{"rendered":"Depuis plusieurs ann\u00e9es, Caroline Margeridon apporte sa bonne humeur et son \u00e9nergie \u00e0 Affaire conclue. Les fid\u00e8les de&hellip;\n","protected":false},"author":2,"featured_media":317384,"comment_status":"","ping_status":"","sticky":false,"template":"","format":"standard","meta":{"footnotes":""},"categories":[1359],"tags":[9884,58,59,1011,27,973],"class_list":{"0":"post-317383","1":"post","2":"type-post","3":"status-publish","4":"format-standard","5":"has-post-thumbnail","7":"category-people","8":"tag-caroline-margeridon","9":"tag-divertissement","10":"tag-entertainment","11":"tag-fr","12":"tag-france","13":"tag-people"},"share_on_mastodon":{"url":"https:\/\/pubeurope.com\/@fr\/115024130445886540","error":""},"_links":{"self":[{"href":"https:\/\/www.europesays.com\/fr\/wp-json\/wp\/v2\/posts\/317383","targetHints":{"allow":["GET"]}}],"collection":[{"href":"https:\/\/www.europesays.com\/fr\/wp-json\/wp\/v2\/posts"}],"about":[{"href":"https:\/\/www.europesays.com\/fr\/wp-json\/wp\/v2\/types\/post"}],"author":[{"embeddable":true,"href":"https:\/\/www.europesays.com\/fr\/wp-json\/wp\/v2\/users\/2"}],"replies":[{"embeddable":true,"href":"https:\/\/www.europesays.com\/fr\/wp-json\/wp\/v2\/comments?post=317383"}],"version-history":[{"count":0,"href":"https:\/\/www.europesays.com\/fr\/wp-json\/wp\/v2\/posts\/317383\/revisions"}],"wp:featuredmedia":[{"embeddable":true,"href":"https:\/\/www.europesays.com\/fr\/wp-json\/wp\/v2\/media\/317384"}],"wp:attachment":[{"href":"https:\/\/www.europesays.com\/fr\/wp-json\/wp\/v2\/media?parent=317383"}],"wp:term":[{"taxonomy":"category","embeddable":true,"href":"https:\/\/www.europesays.com\/fr\/wp-json\/wp\/v2\/categories?post=317383"},{"taxonomy":"post_tag","embeddable":true,"href":"https:\/\/www.europesays.com\/fr\/wp-json\/wp\/v2\/tags?post=317383"}],"curies":[{"name":"wp","href":"https:\/\/api.w.org\/{rel}","templated":true}]}}