{"id":317385,"date":"2025-08-13T23:48:40","date_gmt":"2025-08-13T23:48:40","guid":{"rendered":"https:\/\/www.europesays.com\/fr\/317385\/"},"modified":"2025-08-13T23:48:40","modified_gmt":"2025-08-13T23:48:40","slug":"quand-friedrich-durrenmatt-regardait-xamax-et-le-football-au-telescope","status":"publish","type":"post","link":"https:\/\/www.europesays.com\/fr\/317385\/","title":{"rendered":"Quand Friedrich D\u00fcrrenmatt regardait Xamax et le football au t\u00e9lescope"},"content":{"rendered":"<p>Sur la terrasse de sa villa neuch\u00e2teloise, perch\u00e9e sur la colline du Vallon de l\u2019Hermitage, Friedrich D\u00fcrrenmatt (1921-1990) avait install\u00e9 un t\u00e9lescope. Il explorait le cosmos. Et peut-\u00eatre aussi cette Suisse al\u00e9manique o\u00f9 il \u00e9tait n\u00e9, avait grandi et m\u00fbri mais qu\u2019il avait quitt\u00e9 pour la Suisse romande, afin de prendre du recul et de mieux \u00e9prouver, peut-\u00eatre, la suissitude dans sa totalit\u00e9 et parvenir ainsi \u00e0 lui conf\u00e9rer une dimension universelle.<\/p>\n<p>Ce t\u00e9lescope lui servait aussi \u00e0 observer des lieux moins distants mais tout aussi passionnants: la ville, les bords du lac et en particulier le stade de la Maladi\u00e8re o\u00f9 jouait Neuch\u00e2tel Xamax, club de football en rouge et noir, fond\u00e9 en 1970, vainqueur du Championnat de Suisse en 1987 et 1988 et qui s\u2019illustra en Coupe de l\u2019UEFA en atteignant les quarts de finale en 1982 et 1986.<\/p>\n","protected":false},"excerpt":{"rendered":"Sur la terrasse de sa villa neuch\u00e2teloise, perch\u00e9e sur la colline du Vallon de l\u2019Hermitage, Friedrich D\u00fcrrenmatt (1921-1990)&hellip;\n","protected":false},"author":2,"featured_media":317386,"comment_status":"","ping_status":"","sticky":false,"template":"","format":"standard","meta":{"footnotes":""},"categories":[1358],"tags":[1348,1384,1385,1386,58,59,1011,27,1351,301],"class_list":{"0":"post-317385","1":"post","2":"type-post","3":"status-publish","4":"format-standard","5":"has-post-thumbnail","7":"category-arts-et-design","8":"tag-arts","9":"tag-arts-and-design","10":"tag-arts-et-design","11":"tag-design","12":"tag-divertissement","13":"tag-entertainment","14":"tag-fr","15":"tag-france","16":"tag-litterature","17":"tag-premium"},"share_on_mastodon":{"url":"https:\/\/pubeurope.com\/@fr\/115024134441759241","error":""},"_links":{"self":[{"href":"https:\/\/www.europesays.com\/fr\/wp-json\/wp\/v2\/posts\/317385","targetHints":{"allow":["GET"]}}],"collection":[{"href":"https:\/\/www.europesays.com\/fr\/wp-json\/wp\/v2\/posts"}],"about":[{"href":"https:\/\/www.europesays.com\/fr\/wp-json\/wp\/v2\/types\/post"}],"author":[{"embeddable":true,"href":"https:\/\/www.europesays.com\/fr\/wp-json\/wp\/v2\/users\/2"}],"replies":[{"embeddable":true,"href":"https:\/\/www.europesays.com\/fr\/wp-json\/wp\/v2\/comments?post=317385"}],"version-history":[{"count":0,"href":"https:\/\/www.europesays.com\/fr\/wp-json\/wp\/v2\/posts\/317385\/revisions"}],"wp:featuredmedia":[{"embeddable":true,"href":"https:\/\/www.europesays.com\/fr\/wp-json\/wp\/v2\/media\/317386"}],"wp:attachment":[{"href":"https:\/\/www.europesays.com\/fr\/wp-json\/wp\/v2\/media?parent=317385"}],"wp:term":[{"taxonomy":"category","embeddable":true,"href":"https:\/\/www.europesays.com\/fr\/wp-json\/wp\/v2\/categories?post=317385"},{"taxonomy":"post_tag","embeddable":true,"href":"https:\/\/www.europesays.com\/fr\/wp-json\/wp\/v2\/tags?post=317385"}],"curies":[{"name":"wp","href":"https:\/\/api.w.org\/{rel}","templated":true}]}}