{"id":317387,"date":"2025-08-13T23:49:13","date_gmt":"2025-08-13T23:49:13","guid":{"rendered":"https:\/\/www.europesays.com\/fr\/317387\/"},"modified":"2025-08-13T23:49:13","modified_gmt":"2025-08-13T23:49:13","slug":"salon-du-livre-2025-a-villers-sur-mer-le-grand-rendez-vous-litteraire-de-lete","status":"publish","type":"post","link":"https:\/\/www.europesays.com\/fr\/317387\/","title":{"rendered":"Salon du Livre 2025 \u00e0 Villers-sur-Mer : le grand rendez-vous litt\u00e9raire de l\u2019\u00e9t\u00e9"},"content":{"rendered":"<p>Le dimanche 24 ao\u00fbt, Villers-sur-Mer vous invite \u00e0 plonger au c\u0153ur de l\u2019univers des mots \u00e0 l\u2019occasion de la 11\u1d49 \u00e9dition du Salon du Livre. Une journ\u00e9e enti\u00e8rement d\u00e9di\u00e9e \u00e0 la litt\u00e9rature, aux rencontres avec des auteurs passionn\u00e9s et aux s\u00e9ances de d\u00e9dicaces. <\/p>\n<p>Cette ann\u00e9e, l\u2019\u00e9v\u00e9nement a l\u2019honneur d\u2019accueillir Claude Lelouch (r\u00e9alisateur, producteur et sc\u00e9nariste de renomm\u00e9e internationale) en tant que parrain du Salon du Livre.<\/p>\n<p><strong>Un programme riche <\/strong><\/p>\n<p><strong>Dimanche 24 ao\u00fbt \u2013 Le Villare<\/strong><\/p>\n<ul class=\"wp-block-list\">\n<li><strong>9h00<\/strong> : Inauguration officielle en pr\u00e9sence de Chhun-Na Lenglart, Maire de Villers-sur-Mer, Bruno Amato, commissaire du Salon, et Claude Lelouch, parrain de l\u2019\u00e9v\u00e9nement.<\/li>\n<li><strong>9h30<\/strong> : S\u00e9ance de d\u00e9dicace avec Claude Lelouch.<\/li>\n<li><strong>10h00<\/strong> : S\u00e9ance de d\u00e9dicace avec Rachel M. Cholz &amp; C\u00e9lestin de Mee\u00fbs.<\/li>\n<li><strong>14h00<\/strong> : S\u00e9ance de d\u00e9dicace avec Nadine Monfils &amp; Charlotte Bourlard.<\/li>\n<li><strong>18h00<\/strong> : Rencontre d\u2019\u00e9t\u00e9 avec Nadine Monfils \u2013 Salle panoramique (organis\u00e9e par la Compagnie Grain de Sable).<\/li>\n<\/ul>\n<p><strong>Pour un avant gout rendez-vous le samedi 23 ao\u00fbt \u2013 Salle panoramique<\/strong><\/p>\n<ul class=\"wp-block-list\">\n<li><strong>18h00<\/strong> : Remise des prix du concours de nouvelles.<\/li>\n<li>Suivie de la Rencontre d\u2019\u00e9t\u00e9 avec Rachel M. Cholz &amp; C\u00e9lestin de Mee\u00fbs (organis\u00e9e par la Compagnie Grain de Sable).<\/li>\n<\/ul>\n<p><strong>Un moment unique pour les amoureux des livres<\/strong><\/p>\n<p>Entre \u00e9changes privil\u00e9gi\u00e9s avec les auteurs, d\u00e9couvertes litt\u00e9raires et d\u00e9dicaces, le Salon du Livre de Villers-sur-Mer est l\u2019occasion id\u00e9ale pour enrichir sa biblioth\u00e8que et vivre un moment culturel fort en bord de mer.<\/p>\n<p><strong>Infos pratiques<\/strong><br \/>Date : Dimanche 24 ao\u00fbt <br \/>Lieu : Le Villare \u2013 Villers-sur-Mer<br \/>Entr\u00e9e libre et gratuite<br \/><a href=\"https:\/\/www.calameo.com\/read\/007416063452af933071f\" rel=\"nofollow noopener\" target=\"_blank\">En savoir plus<\/a><\/p>\n","protected":false},"excerpt":{"rendered":"Le dimanche 24 ao\u00fbt, Villers-sur-Mer vous invite \u00e0 plonger au c\u0153ur de l\u2019univers des mots \u00e0 l\u2019occasion de&hellip;\n","protected":false},"author":2,"featured_media":317388,"comment_status":"","ping_status":"","sticky":false,"template":"","format":"standard","meta":{"footnotes":""},"categories":[1357],"tags":[1379,58,59,1011,27,1380],"class_list":{"0":"post-317387","1":"post","2":"type-post","3":"status-publish","4":"format-standard","5":"has-post-thumbnail","7":"category-livres","8":"tag-books","9":"tag-divertissement","10":"tag-entertainment","11":"tag-fr","12":"tag-france","13":"tag-livres"},"share_on_mastodon":{"url":"https:\/\/pubeurope.com\/@fr\/115024138352329573","error":""},"_links":{"self":[{"href":"https:\/\/www.europesays.com\/fr\/wp-json\/wp\/v2\/posts\/317387","targetHints":{"allow":["GET"]}}],"collection":[{"href":"https:\/\/www.europesays.com\/fr\/wp-json\/wp\/v2\/posts"}],"about":[{"href":"https:\/\/www.europesays.com\/fr\/wp-json\/wp\/v2\/types\/post"}],"author":[{"embeddable":true,"href":"https:\/\/www.europesays.com\/fr\/wp-json\/wp\/v2\/users\/2"}],"replies":[{"embeddable":true,"href":"https:\/\/www.europesays.com\/fr\/wp-json\/wp\/v2\/comments?post=317387"}],"version-history":[{"count":0,"href":"https:\/\/www.europesays.com\/fr\/wp-json\/wp\/v2\/posts\/317387\/revisions"}],"wp:featuredmedia":[{"embeddable":true,"href":"https:\/\/www.europesays.com\/fr\/wp-json\/wp\/v2\/media\/317388"}],"wp:attachment":[{"href":"https:\/\/www.europesays.com\/fr\/wp-json\/wp\/v2\/media?parent=317387"}],"wp:term":[{"taxonomy":"category","embeddable":true,"href":"https:\/\/www.europesays.com\/fr\/wp-json\/wp\/v2\/categories?post=317387"},{"taxonomy":"post_tag","embeddable":true,"href":"https:\/\/www.europesays.com\/fr\/wp-json\/wp\/v2\/tags?post=317387"}],"curies":[{"name":"wp","href":"https:\/\/api.w.org\/{rel}","templated":true}]}}