{"id":317389,"date":"2025-08-13T23:50:13","date_gmt":"2025-08-13T23:50:13","guid":{"rendered":"https:\/\/www.europesays.com\/fr\/317389\/"},"modified":"2025-08-13T23:50:13","modified_gmt":"2025-08-13T23:50:13","slug":"lete-ou-je-suis-devenue-jolie-saison-3-episode-6-ce-cadeau-vient-il-de-confirmer-notre-theorie-sur-la-fin-de-la-serie-programme-tv-net","status":"publish","type":"post","link":"https:\/\/www.europesays.com\/fr\/317389\/","title":{"rendered":"L\u2019\u00e9t\u00e9 o\u00f9 je suis devenue jolie saison 3 \u00e9pisode 6 : Ce cadeau vient-il de confirmer notre th\u00e9orie sur la fin de la s\u00e9rie ? &#8211; programme-tv.net"},"content":{"rendered":"<ol>\n<li><a href=\"https:\/\/news.google.com\/rss\/articles\/CBMi_gFBVV95cUxNZFMzbHl2SkRhdlJEUV9rMmNiY29SbFBuVWhpQ2NvZTg2VVd4MnlEbWVFbVppcHNqczRNUXBiaWcxOVNUOEY0bl9GYUxoOVFrUjVrUTB4Q2VTT2Z2eFl1d1NFaFg3aTNlZFRObU5HdmRsQ1cwVWc5V3lKa09MTDZvdXVqVHVDRkcxVzJ1OWtyY3YtWVhJazZlaWJFS2pKNFdJZVZpamJqQWZLeDN3N3BjcDUwQXV2MTZleE1hTlBmU1Vzbmc3emRZTlkydXY2ekxpR2xOdi14YWZvSXBFQUsydndMaVJlTHN3U0hRUThEdlpsQkd6cU9qakxPUVBpZw?oc=5\" target=\"_blank\" rel=\"nofollow noopener\">L\u2019\u00e9t\u00e9 o\u00f9 je suis devenue jolie saison 3 \u00e9pisode 6 : Ce cadeau vient-il de confirmer notre th\u00e9orie sur la fin de la s\u00e9rie ?<\/a>&nbsp;&nbsp;programme-tv.net<\/li>\n<li><a href=\"https:\/\/news.google.com\/rss\/articles\/CBMirAFBVV95cUxOSHJ0T1lMbmtqZ1ExSXppcjBlaE9vNFJiUWM4Tkt6Y0loWHAtU0xleU5hcnVpRS13YmE1a01sdXVQUUJMcXByWW5XbU93cU9RUXJJa2VaVE9pMFRMRk1LamZ3R1l4ZHRpNjhyZWpaUTVEaTlIelhiWHBiWDJOZTBoRldHY3ZJY3RNZjM0bWs0QU9LeExPcWJtNEM2dWhFOGowbENoV2dxSmtEa0xU?oc=5\" target=\"_blank\" rel=\"nofollow noopener\">\u00ab\u00a0L\u2019\u00e9t\u00e9 o\u00f9 je suis devenue jolie\u00a0\u00bb : quand sortira l\u2019\u00e9pisode 7 de la saison 3 ?<\/a>&nbsp;&nbsp;NRJ<\/li>\n<li><a href=\"https:\/\/news.google.com\/rss\/articles\/CBMifkFVX3lxTE5LVExleU1hMkk0MlpSR0o4V1FidjlvaUszMDRucng1anFKR3NPc3MtVTN1cTc4aHVILXdfYW1pOU5ISFkwdndhS3dZTElsMmoyc2I2UDNiYk5kem1UbUVvbWliZUUwaXJqZHFVN2NpbzUyeFZOYWFrdkhCZ2dzZw?oc=5\" target=\"_blank\" rel=\"nofollow noopener\">L&rsquo;\u00e9t\u00e9 o\u00f9 je suis devenue jolie : rattrapez la s\u00e9rie gratuitement ! Voici comment<\/a>&nbsp;&nbsp;AlloCin\u00e9<\/li>\n<li><a href=\"https:\/\/news.google.com\/rss\/articles\/CBMiqgFBVV95cUxOQmZPSkxuS25CVC1wampfLXhyZDNmMG9fbVhYcFg5NkRoNmp4eHRMNVlhSTFKWFk3aFdwRXpMSUF4aXc1QWlCSVB3cVh0a1oxT001VjBscjV1NllFT3lhVnN3VGh4U3FJZzlTdkFhWGpQa2JoeERzSmQ0UGc2NloyZGdFZjhNWjFLR2NmVElsRDNmdG9rR3BDcVBVZVlDUTNRSEJnZGVoNEo1QQ?oc=5\" target=\"_blank\" rel=\"nofollow noopener\">L&rsquo;\u00e9t\u00e9 o\u00f9 je suis devenue jolie saison 3 : fin de l&rsquo;\u00e9pisode 6 expliqu\u00e9<\/a>&nbsp;&nbsp;Melty<\/li>\n<li><a href=\"https:\/\/news.google.com\/rss\/articles\/CBMiqwFBVV95cUxQT3NKTThjeWtTOHBaRkJ5MjEzOVMzSjhQRW04Q1hFeW53NWp5UHJwUEY5aE9UNG9CMjl1UTd6NEZqal9WN3hjRDE5dGJMTGFndU1Zb19fbVRPRVd1YlJxMlF6MzZNRjREUzB1SnRDNUZ1VUNhcEI5dHhaZlY5SWJXOHZtZWhWWTJuemVGeHNYNnhSdV9HVlV1dHlid1JZcjljbzBIX2tNZ01Ndms?oc=5\" target=\"_blank\" rel=\"nofollow noopener\">Cinq s\u00e9ries \u00e0 regarder si vous aimez L&rsquo;\u00e9t\u00e9 o\u00f9 je suis devenue jolie<\/a>&nbsp;&nbsp;Diverto<\/li>\n<\/ol>\n","protected":false},"excerpt":{"rendered":"L\u2019\u00e9t\u00e9 o\u00f9 je suis devenue jolie saison 3 \u00e9pisode 6 : Ce cadeau vient-il de confirmer notre th\u00e9orie&hellip;\n","protected":false},"author":2,"featured_media":1445,"comment_status":"","ping_status":"","sticky":false,"template":"","format":"standard","meta":{"footnotes":""},"categories":[1356],"tags":[58,59,1011,27,252,1364],"class_list":{"0":"post-317389","1":"post","2":"type-post","3":"status-publish","4":"format-standard","5":"has-post-thumbnail","7":"category-television","8":"tag-divertissement","9":"tag-entertainment","10":"tag-fr","11":"tag-france","12":"tag-television","13":"tag-tv"},"share_on_mastodon":{"url":"https:\/\/pubeurope.com\/@fr\/115024142315741998","error":""},"_links":{"self":[{"href":"https:\/\/www.europesays.com\/fr\/wp-json\/wp\/v2\/posts\/317389","targetHints":{"allow":["GET"]}}],"collection":[{"href":"https:\/\/www.europesays.com\/fr\/wp-json\/wp\/v2\/posts"}],"about":[{"href":"https:\/\/www.europesays.com\/fr\/wp-json\/wp\/v2\/types\/post"}],"author":[{"embeddable":true,"href":"https:\/\/www.europesays.com\/fr\/wp-json\/wp\/v2\/users\/2"}],"replies":[{"embeddable":true,"href":"https:\/\/www.europesays.com\/fr\/wp-json\/wp\/v2\/comments?post=317389"}],"version-history":[{"count":0,"href":"https:\/\/www.europesays.com\/fr\/wp-json\/wp\/v2\/posts\/317389\/revisions"}],"wp:featuredmedia":[{"embeddable":true,"href":"https:\/\/www.europesays.com\/fr\/wp-json\/wp\/v2\/media\/1445"}],"wp:attachment":[{"href":"https:\/\/www.europesays.com\/fr\/wp-json\/wp\/v2\/media?parent=317389"}],"wp:term":[{"taxonomy":"category","embeddable":true,"href":"https:\/\/www.europesays.com\/fr\/wp-json\/wp\/v2\/categories?post=317389"},{"taxonomy":"post_tag","embeddable":true,"href":"https:\/\/www.europesays.com\/fr\/wp-json\/wp\/v2\/tags?post=317389"}],"curies":[{"name":"wp","href":"https:\/\/api.w.org\/{rel}","templated":true}]}}