{"id":317390,"date":"2025-08-13T23:51:14","date_gmt":"2025-08-13T23:51:14","guid":{"rendered":"https:\/\/www.europesays.com\/fr\/317390\/"},"modified":"2025-08-13T23:51:14","modified_gmt":"2025-08-13T23:51:14","slug":"un-trait-dunion-entre-kerampuilh-et-le-centre-ville-a-carhaix-ils-trinquent-au-metal","status":"publish","type":"post","link":"https:\/\/www.europesays.com\/fr\/317390\/","title":{"rendered":"\u00ab\u00a0Un trait d\u2019union entre Kerampuilh et le centre-ville\u00a0\u00bb\u00a0: \u00e0 Carhaix, ils trinquent au\u00a0metal"},"content":{"rendered":"<p>\u00c0 la veille du coup d\u2019envoi du <a href=\"https:\/\/www.letelegramme.fr\/culture-loisirs\/festivals\/motocultor\/\" target=\"_blank\" rel=\"noopener\">festival Motocultor,<\/a> les fans se sont rassembl\u00e9s, ce mercredi soir, place de la Mairie \u00e0 Carhaix pour le lancement du festival Off. Lors du pot d\u2019accueil servi \u00e0 19\u00a0h, place de la Mairie, <a href=\"https:\/\/www.letelegramme.fr\/culture-loisirs\/festivals\/motocultor\/a-carhaix-les-metalleux-sont-dans-la-place-a-j-1-du-motocultor-6870854.php\" target=\"_blank\" rel=\"noopener\">des metalleux, venus de toute la France,<\/a> affichaient un sourire radieux et une \u00e9nergie communicative, ravis de pouvoir enfin se retrouver autour de leur passion.<\/p>\n<p>Au micro, le maire Christian Troadec, leur a souhait\u00e9 la bienvenue et a insist\u00e9 sur le plaisir pour la ville d\u2019accueillir le Motocultor et de recevoir les festivaliers \u00ab\u00a0comme \u00e0 la maison\u00a0\u00bb. \u00ab Des festivaliers, a ajout\u00e9 l\u2019\u00e9dile, qui b\u00e9n\u00e9ficient d\u2019une excellente image aupr\u00e8s de la population.\u00a0\u00bb<\/p>\n<p><img decoding=\"async\" src=\"https:\/\/www.europesays.com\/fr\/wp-content\/uploads\/2025\/08\/689cdf063a0e14a596024491.1.jpeg\" width=\"480\" height=\"300\" class=\"web_golden_m\" loading=\"lazy\" alt=\"Christian Troadec fait le fameux signe des cornes cher aux metalleux.\"\/>Christian Troadec fait le fameux signe des cornes cher aux metalleux. (Photo N.\u00a0C.)<img decoding=\"async\" src=\"https:\/\/www.europesays.com\/fr\/wp-content\/uploads\/2025\/08\/689cdf06b9fb7b3aae04cd73.1.jpeg\" width=\"480\" height=\"300\" class=\"web_golden_m\" loading=\"lazy\" alt=\"Le maire Christian Troadec et Pierrick Morin, l\u2019un des responsables du Motocultor, ont accueilli les festivaliers par un discours.\"\/>Le maire Christian Troadec et Pierrick Morin, l\u2019un des responsables du Motocultor, ont accueilli les festivaliers par un discours. (Photo E.\u00a0A.)<\/p>\n<p>Le maire s\u2019est dit \u00ab\u00a0impressionn\u00e9\u00a0\u00bb par le nombre de personnes pr\u00e9sentes pour ce lancement du festival off\u00a0\u00bb. \u00ab\u00a0On pense poursuivre ce trait union entre Kerampuilh et le centre-ville. Pourquoi pas, l\u2019an prochain, faire en sorte qu\u2019ils ne fassent plus qu\u2019un, que ce soit une f\u00eate permanente. Pourquoi pas retrouver l\u2019esprit des ambulants\u00a0\u00bb, imagine Christian\u00a0Troadec, ajoutant qu\u2019il est \u00ab\u00a0facile de travailler avec Motoc\u2019\u00bb. <\/p>\n<p><img decoding=\"async\" src=\"https:\/\/www.europesays.com\/fr\/wp-content\/uploads\/2025\/08\/689cdf060b20f2a39000bbca.1.jpeg\" width=\"480\" height=\"300\" class=\"web_golden_m\" loading=\"lazy\" alt=\"Stick\u2018n Fingers a enflamm\u00e9 la sc\u00e8ne avec les plus grands succ\u00e8s des Rolling Stones.\"\/>Stick\u2018n Fingers a enflamm\u00e9 la sc\u00e8ne avec les plus grands succ\u00e8s des Rolling Stones. (Photo E.\u00a0A.)<img decoding=\"async\" src=\"https:\/\/www.europesays.com\/fr\/wp-content\/uploads\/2025\/08\/689cdf0532dc50e0220c2714.1.jpeg\" width=\"480\" height=\"300\" class=\"web_golden_m\" loading=\"lazy\" alt=\"J.-P.\u00a0et Odile de Saint-Malo sont des fid\u00e8les parmi les fid\u00e8les du Motoc qu\u2019ils vont faire d\u00e9couvrir \u00e0 Pauline.\"\/>J.-P.\u00a0et Odile de Saint-Malo sont des fid\u00e8les parmi les fid\u00e8les du Motoc qu\u2019ils vont faire d\u00e9couvrir \u00e0 Pauline. (Photo N.\u00a0C.)<img decoding=\"async\" src=\"https:\/\/www.europesays.com\/fr\/wp-content\/uploads\/2025\/08\/689cdf0532dc50e0220c2713.1.jpeg\" width=\"480\" height=\"300\" class=\"web_golden_m\" loading=\"lazy\" alt=\"Festivaliers et Carhaisiens \u00e9taient nombreux au pot d\u2019accueil.\"\/>Festivaliers et Carhaisiens \u00e9taient nombreux au pot d\u2019accueil. (Photo E.\u00a0A.)<\/p>\n<p>De son c\u00f4t\u00e9, Pierrick Morin, au nom du Motocultor, a incit\u00e9 les festivaliers \u00e0 d\u00e9couvrir les activit\u00e9s propos\u00e9es \u00e0 Carhaix et dans les environs avant de laisser la place \u00e0 Stick\u2018n Fingers, qui a enflamm\u00e9 la sc\u00e8ne avec les plus grands succ\u00e8s des Rolling Stones. Une note rock qui n\u2019a pas d\u00e9plu aux fans de m\u00e9tal \u00e0 quelques heures de l\u2019ouverture officielle du festival. Les metalleux ont pris leurs quartiers. Et la ville, elle, vibre d\u00e9j\u00e0 au rythme du m\u00e9tal.<\/p>\n","protected":false},"excerpt":{"rendered":"\u00c0 la veille du coup d\u2019envoi du festival Motocultor, les fans se sont rassembl\u00e9s, ce mercredi soir, place&hellip;\n","protected":false},"author":2,"featured_media":317391,"comment_status":"","ping_status":"","sticky":false,"template":"","format":"standard","meta":{"footnotes":""},"categories":[1355],"tags":[829,5934,58,59,849,3337,1011,27,45502,1361,873],"class_list":{"0":"post-317390","1":"post","2":"type-post","3":"status-publish","4":"format-standard","5":"has-post-thumbnail","7":"category-musique","8":"tag-bretagne","9":"tag-carhaix-plouguer","10":"tag-divertissement","11":"tag-entertainment","12":"tag-festival","13":"tag-festivals","14":"tag-fr","15":"tag-france","16":"tag-motocultor","17":"tag-music","18":"tag-musique"},"share_on_mastodon":{"url":"https:\/\/pubeurope.com\/@fr\/115024146600000952","error":""},"_links":{"self":[{"href":"https:\/\/www.europesays.com\/fr\/wp-json\/wp\/v2\/posts\/317390","targetHints":{"allow":["GET"]}}],"collection":[{"href":"https:\/\/www.europesays.com\/fr\/wp-json\/wp\/v2\/posts"}],"about":[{"href":"https:\/\/www.europesays.com\/fr\/wp-json\/wp\/v2\/types\/post"}],"author":[{"embeddable":true,"href":"https:\/\/www.europesays.com\/fr\/wp-json\/wp\/v2\/users\/2"}],"replies":[{"embeddable":true,"href":"https:\/\/www.europesays.com\/fr\/wp-json\/wp\/v2\/comments?post=317390"}],"version-history":[{"count":0,"href":"https:\/\/www.europesays.com\/fr\/wp-json\/wp\/v2\/posts\/317390\/revisions"}],"wp:featuredmedia":[{"embeddable":true,"href":"https:\/\/www.europesays.com\/fr\/wp-json\/wp\/v2\/media\/317391"}],"wp:attachment":[{"href":"https:\/\/www.europesays.com\/fr\/wp-json\/wp\/v2\/media?parent=317390"}],"wp:term":[{"taxonomy":"category","embeddable":true,"href":"https:\/\/www.europesays.com\/fr\/wp-json\/wp\/v2\/categories?post=317390"},{"taxonomy":"post_tag","embeddable":true,"href":"https:\/\/www.europesays.com\/fr\/wp-json\/wp\/v2\/tags?post=317390"}],"curies":[{"name":"wp","href":"https:\/\/api.w.org\/{rel}","templated":true}]}}