{"id":317394,"date":"2025-08-13T23:53:15","date_gmt":"2025-08-13T23:53:15","guid":{"rendered":"https:\/\/www.europesays.com\/fr\/317394\/"},"modified":"2025-08-13T23:53:15","modified_gmt":"2025-08-13T23:53:15","slug":"la-guinee-introduit-le-vaccin-contre-le-paludisme-pour-les-enfants-des-5-mois-guineenews","status":"publish","type":"post","link":"https:\/\/www.europesays.com\/fr\/317394\/","title":{"rendered":"La Guin\u00e9e Introduit le Vaccin contre le Paludisme pour les enfants d\u00e8s 5 mois\u00a0 \u2013 Guin\u00e9enews\u00a9"},"content":{"rendered":"\n<p>Sant\u00e9 publique : La Guin\u00e9e Introduit le Vaccin contre le Paludisme pour les enfants d\u00e8s 5 mois\u00a0 \u2013 Guin\u00e9enews\u00a9<\/p>\n<p><a itemprop=\"url\" class=\"qvr-link\" href=\"https:\/\/www.tecno-mobile.com\/gn\/?fbclid=IwQ0xDSwLxlJ5jbGNrAvGUhWV4dG4DYWVtAjExAAEeH4blGXK3DVpnRIXOvdqonG44YxMv07z_nY_qXwlXZCB_sRY1bWimZx-EnGs_aem_ht9qgkwdS0I9lBqSAkoMZQ\" target=\"_blank\" rel=\"nofollow noopener\"><img decoding=\"async\" class=\"qvr-image\" src=\"https:\/\/www.europesays.com\/fr\/wp-content\/uploads\/2025\/08\/TECHNO-BANNIERE-1.gif\" alt=\"GUINEENEWS\"\/><\/a>\t<\/p>\n<ul class=\"bf-breadcrumb-items\" itemscope=\"\" itemtype=\"http:\/\/schema.org\/BreadcrumbList\">\n<li itemprop=\"itemListElement\" itemscope=\"\" itemtype=\"http:\/\/schema.org\/ListItem\" class=\"bf-breadcrumb-item bf-breadcrumb-begin\"><a itemprop=\"item\" href=\"https:\/\/guineenews.org\" rel=\"home nofollow noopener\" target=\"_blank\">Accueil<\/a><\/li>\n<li itemprop=\"itemListElement\" itemscope=\"\" itemtype=\"http:\/\/schema.org\/ListItem\" class=\"bf-breadcrumb-item\"><a itemprop=\"item\" href=\"https:\/\/guineenews.org\/category\/a-la-une\/\" rel=\"nofollow noopener\" target=\"_blank\">\u00c0 la une<\/a><\/li>\n<li itemprop=\"itemListElement\" itemscope=\"\" itemtype=\"http:\/\/schema.org\/ListItem\" class=\"bf-breadcrumb-item bf-breadcrumb-end\">Sant\u00e9 publique : La Guin\u00e9e Introduit le Vaccin contre le Paludisme pour les enfants d\u00e8s 5 mois\u00a0<\/li>\n<\/ul>\n<p><img decoding=\"async\" class=\"qvr-image\" src=\"https:\/\/www.europesays.com\/fr\/wp-content\/uploads\/2025\/04\/CIAO-RIZ-1.png\" alt=\"CIAO\"\/><\/p>\n","protected":false},"excerpt":{"rendered":"Sant\u00e9 publique : La Guin\u00e9e Introduit le Vaccin contre le Paludisme pour les enfants d\u00e8s 5 mois\u00a0 \u2013&hellip;\n","protected":false},"author":2,"featured_media":317395,"comment_status":"","ping_status":"","sticky":false,"template":"","format":"standard","meta":{"footnotes":""},"categories":[10],"tags":[1011,27,72,71],"class_list":{"0":"post-317394","1":"post","2":"type-post","3":"status-publish","4":"format-standard","5":"has-post-thumbnail","7":"category-sante","8":"tag-fr","9":"tag-france","10":"tag-health","11":"tag-sante"},"share_on_mastodon":{"url":"https:\/\/pubeurope.com\/@fr\/115024154165134364","error":""},"_links":{"self":[{"href":"https:\/\/www.europesays.com\/fr\/wp-json\/wp\/v2\/posts\/317394","targetHints":{"allow":["GET"]}}],"collection":[{"href":"https:\/\/www.europesays.com\/fr\/wp-json\/wp\/v2\/posts"}],"about":[{"href":"https:\/\/www.europesays.com\/fr\/wp-json\/wp\/v2\/types\/post"}],"author":[{"embeddable":true,"href":"https:\/\/www.europesays.com\/fr\/wp-json\/wp\/v2\/users\/2"}],"replies":[{"embeddable":true,"href":"https:\/\/www.europesays.com\/fr\/wp-json\/wp\/v2\/comments?post=317394"}],"version-history":[{"count":0,"href":"https:\/\/www.europesays.com\/fr\/wp-json\/wp\/v2\/posts\/317394\/revisions"}],"wp:featuredmedia":[{"embeddable":true,"href":"https:\/\/www.europesays.com\/fr\/wp-json\/wp\/v2\/media\/317395"}],"wp:attachment":[{"href":"https:\/\/www.europesays.com\/fr\/wp-json\/wp\/v2\/media?parent=317394"}],"wp:term":[{"taxonomy":"category","embeddable":true,"href":"https:\/\/www.europesays.com\/fr\/wp-json\/wp\/v2\/categories?post=317394"},{"taxonomy":"post_tag","embeddable":true,"href":"https:\/\/www.europesays.com\/fr\/wp-json\/wp\/v2\/tags?post=317394"}],"curies":[{"name":"wp","href":"https:\/\/api.w.org\/{rel}","templated":true}]}}